{"id":809,"date":"2025-06-26T10:22:22","date_gmt":"2025-06-26T10:22:22","guid":{"rendered":"https:\/\/portaldeyoung.uy\/?p=809"},"modified":"2025-06-26T10:22:25","modified_gmt":"2025-06-26T10:22:25","slug":"alumno-de-escuela-5-de-fray-bentos-concurrio-al-centro-educativo-con-arma-de-fuego","status":"publish","type":"post","link":"https:\/\/portaldeyoung.uy\/index.php\/2025\/06\/26\/alumno-de-escuela-5-de-fray-bentos-concurrio-al-centro-educativo-con-arma-de-fuego\/","title":{"rendered":"Alumno de Escuela 5 de Fray Bentos concurri\u00f3 al centro educativo con arma de fuego"},"content":{"rendered":"\n<p>En la pasada semana se di\u00f3 un hecho que gener\u00f3 la preocupaci\u00f3n de un grupo de padres de la escuela N\u00ba 5 de Fray Bentos ya que un alumno de este centro educativo concurri\u00f3 un con un arma de fuego de colecci\u00f3n, la cual si bien est\u00e1 inutilizada, activ\u00f3 los protocolos previstos en primaria en estos casos.<\/p>\n\n\n\n<p>De acuerdo a la informaci\u00f3n que recibi\u00f3 <em><strong>R\u00edo Negro Ahora<\/strong><\/em>, este hecho ocurri\u00f3 a principios de la semana pasada. All\u00ed un alumno de esta escuela le mostr\u00f3 a ni\u00f1os de su clase un arma de fuego. Este hecho se supo r\u00e1pidamente y los padres manifestaron su preocupaci\u00f3n a los docentes y directora.<\/p>\n\n\n\n<p>Fuentes de la inspecci\u00f3n departamental confirmaron a R\u00edo Negro Ahora que se activ\u00f3 el protocolo previstos para estos casos, donde act\u00faa un grupo interdisciplinario integrado entre otros por un psic\u00f3logo. Los padres del alumno y el alumno fueron citados por las autoridades y confirmaron que efectivamente el ni\u00f1o tom\u00f3 el arma que es de colecci\u00f3n y est\u00e1 inutilizada, para llevarla a la escuela.<\/p>\n\n\n\n<p>El equipo interdisciplinario viene trabajando desde inicio de a\u00f1o en esta escuela por otras situaciones y ahora est\u00e1 realizando las evaluaciones sobre esta situaci\u00f3n particular. \u00abEl protocolo de actuaci\u00f3n se aplic\u00f3 de inmediato tanto por los docentes de la escuela como por las autoridades inspectivas\u00bb explic\u00f3 una fuente consultada. Aclararon que si bien han habido distintas situaciones, este es un hecho \u00abtotalmente aislado\u00bb.<\/p>\n\n\n\n<p>Los padres de la escuela tuvieron y plantearon la preocupaci\u00f3n para que estos hechos no se repitan. Caus\u00f3 tambi\u00e9n molestia una publicaci\u00f3n que se hizo de forma an\u00f3nima en un grupo de Facebook donde se dej\u00f3 entrever algo de lo que suced\u00eda en esta escuela.<\/p>\n","protected":false},"excerpt":{"rendered":"<p>En la pasada semana se di\u00f3 un hecho que gener\u00f3 la preocupaci\u00f3n de un grupo de padres de la escuela N\u00ba 5 de Fray Bentos<\/p>\n","protected":false},"author":1,"featured_media":810,"comment_status":"open","ping_status":"open","sticky":false,"template":"","format":"standard","meta":{"advgb_blocks_editor_width":"","advgb_blocks_columns_visual_guide":"","footnotes":"","jetpack_publicize_message":"","jetpack_publicize_feature_enabled":true,"jetpack_social_post_already_shared":true,"jetpack_social_options":{"image_generator_settings":{"template":"highway","default_image_id":0,"font":"","enabled":false},"version":2}},"categories":[6],"tags":[],"class_list":["post-809","post","type-post","status-publish","format-standard","has-post-thumbnail","hentry","category-del-departamento"],"author_meta":{"display_name":"Portal","author_link":"https:\/\/portaldeyoung.uy\/index.php\/author\/admin_port\/"},"featured_img":"https:\/\/portaldeyoung.uy\/wp-content\/uploads\/2025\/06\/Escuela-5-fray-bentos-300x177.png","jetpack_publicize_connections":[],"coauthors":[],"tax_additional":{"categories":{"linked":["<a href=\"https:\/\/portaldeyoung.uy\/index.php\/category\/del-departamento\/\" class=\"advgb-post-tax-term\">Del departamento<\/a>"],"unlinked":["<span class=\"advgb-post-tax-term\">Del departamento<\/span>"]}},"comment_count":"0","relative_dates":{"created":"Publicado 10 meses hace","modified":"Actualizado 10 meses hace"},"absolute_dates":{"created":"Publicado el junio 26, 2025","modified":"Actualizado el junio 26, 2025"},"absolute_dates_time":{"created":"Publicado el junio 26, 2025 10:22 am","modified":"Actualizado el junio 26, 2025 10:22 am"},"featured_img_caption":"","series_order":"","_links":{"self":[{"href":"https:\/\/portaldeyoung.uy\/index.php\/wp-json\/wp\/v2\/posts\/809","targetHints":{"allow":["GET"]}}],"collection":[{"href":"https:\/\/portaldeyoung.uy\/index.php\/wp-json\/wp\/v2\/posts"}],"about":[{"href":"https:\/\/portaldeyoung.uy\/index.php\/wp-json\/wp\/v2\/types\/post"}],"author":[{"embeddable":true,"href":"https:\/\/portaldeyoung.uy\/index.php\/wp-json\/wp\/v2\/users\/1"}],"replies":[{"embeddable":true,"href":"https:\/\/portaldeyoung.uy\/index.php\/wp-json\/wp\/v2\/comments?post=809"}],"version-history":[{"count":1,"href":"https:\/\/portaldeyoung.uy\/index.php\/wp-json\/wp\/v2\/posts\/809\/revisions"}],"predecessor-version":[{"id":811,"href":"https:\/\/portaldeyoung.uy\/index.php\/wp-json\/wp\/v2\/posts\/809\/revisions\/811"}],"wp:featuredmedia":[{"embeddable":true,"href":"https:\/\/portaldeyoung.uy\/index.php\/wp-json\/wp\/v2\/media\/810"}],"wp:attachment":[{"href":"https:\/\/portaldeyoung.uy\/index.php\/wp-json\/wp\/v2\/media?parent=809"}],"wp:term":[{"taxonomy":"category","embeddable":true,"href":"https:\/\/portaldeyoung.uy\/index.php\/wp-json\/wp\/v2\/categories?post=809"},{"taxonomy":"post_tag","embeddable":true,"href":"https:\/\/portaldeyoung.uy\/index.php\/wp-json\/wp\/v2\/tags?post=809"}],"curies":[{"name":"wp","href":"https:\/\/api.w.org\/{rel}","templated":true}]}}