{"id":803,"date":"2025-06-26T10:02:56","date_gmt":"2025-06-26T10:02:56","guid":{"rendered":"https:\/\/portaldeyoung.uy\/?p=803"},"modified":"2025-06-26T10:02:59","modified_gmt":"2025-06-26T10:02:59","slug":"ministerio-del-interior-coordina-acciones-para-tramitar-cedula-a-personas-en-centros-de-evacuacion-que-no-tienen-el-documento","status":"publish","type":"post","link":"https:\/\/portaldeyoung.uy\/index.php\/2025\/06\/26\/ministerio-del-interior-coordina-acciones-para-tramitar-cedula-a-personas-en-centros-de-evacuacion-que-no-tienen-el-documento\/","title":{"rendered":"Ministerio del Interior coordina acciones para tramitar c\u00e9dula a personas en centros de evacuaci\u00f3n que no tienen el documento"},"content":{"rendered":"\n<p>Es el tercer d\u00eda de operativo en el marco de la declaraci\u00f3n de una alerta roja por fr\u00edo para personas en situaci\u00f3n de calle, y el segundo de evaluaci\u00f3n para el gobierno en cuanto a las medidas aplicadas. Este mi\u00e9rcoles se volvi\u00f3 a reunir el Comit\u00e9 de Emergencias; en la conferencia de prensa posterior al encuentro, el director del Sistema Nacional de Emergencias (Sinae), Leandro Palomeque, dijo que desde la noche del martes \u201cse cumpli\u00f3 con el paquete de medidas que se hab\u00edan anunciado\u201d.<\/p>\n\n\n\n<p>El jerarca se\u00f1al\u00f3 que en la madrugada del 23 las plazas que se hab\u00edan previsto \u201cse vieron sobrepasadas en virtud de la demanda\u201d, pero que para la noche siguiente \u201clas previsiones de ampliaci\u00f3n adoptadas permitieron satisfacer holgadamente las demandas, quedando disponibles y sin ocupar un total de 40 plazas\u201d.<\/p>\n\n\n\n<p>\u201cEn n\u00fameros generales, el total de las personas trasladadas a los refugios del Ministerio de Desarrollo Social alcanz\u00f3 a ocupar 1.308 plazas\u201d, inform\u00f3, y agreg\u00f3 que las personas espec\u00edficamente trasladadas a centros de evacuaci\u00f3n por la alerta \u201calcanzaron las 247 plazas\u201d. Mencion\u00f3, adem\u00e1s, que la hora pico de registro de ingreso de personas fue a las 21.00, \u201cmomento en el cual empezaron a colmarse algunos de los centros de evacuaci\u00f3n\u201d.<\/p>\n\n\n\n<p>El subdirector de la Polic\u00eda Nacional, Alfredo Clavijo, quien tambi\u00e9n estaba en la conferencia, inform\u00f3 que el martes y en la ma\u00f1ana del mi\u00e9rcoles se realizaron, a nivel nacional, 220 traslados a refugios y centros de evacuaci\u00f3n. \u201cSe destaca Montevideo, nuevamente, con 99 traslados que se realizaron en toda la noche\u201d, agreg\u00f3, y puntualiz\u00f3 que fue necesario forzar el traslado de cuatro personas que \u201cse desacataron y fueron detenidas en Montevideo, puestas a disposici\u00f3n de la Justicia, y ya recuperaron su libertad\u201d. Por otro lado, en el marco de la Ley de Internaci\u00f3n Compulsiva, hubo cuatro casos en Treinta y Tres.<\/p>\n\n\n\n<p>Palomeque destac\u00f3 un aumento de las personas que voluntariamente concurrieron a los centros de evacuaci\u00f3n y que lo hicieron en las primeras horas de la tarde, lo que, indic\u00f3, \u201ces un indicador de que encontraron un refugio adecuado en estos lugares\u201d. Dijo adem\u00e1s que si bien la permanencia \u201cha sido dispar\u201d, hay un \u201cn\u00famero significativo de personas que se mantuvieron durante las 24 horas dentro del centro de evacuaci\u00f3n\u201d. \u201cAyer, cuando se comenz\u00f3 la tarea de captaci\u00f3n de personas en calle, ya ten\u00edamos, en la gran mayor\u00eda de los casos, un n\u00famero por encima del 30% de ocupaci\u00f3n de los centros\u201d, resalt\u00f3.<\/p>\n\n\n\n<p>Sobre la captaci\u00f3n de personas en situaci\u00f3n de calle, dijo que hubo un aumento de los equipos del Mides, de diez a 14. \u201cEn el d\u00eda de hoy vamos a mantener los 14 equipos en calle, pero a esto debemos sumar que hoy se est\u00e1n estableciendo cuatro centros de puertas abiertas y esto determina que vamos a tener un total de 48 personas m\u00e1s en calle haciendo captaci\u00f3n de personas, en referencia a los lugares pr\u00f3ximos a donde est\u00e1n las puertas de acceso\u201d, detall\u00f3.<\/p>\n\n\n\n<p>Por otro lado, consultado sobre la continuidad de la alerta, Palomeque insisti\u00f3 en que la situaci\u00f3n se analizar\u00e1 a diario \u201cpara determinar cu\u00e1ndo se pueda dar el cese\u201d. Apunt\u00f3 que en una reuni\u00f3n de planificaci\u00f3n con los equipos intervinientes recibieron un informe de la presidenta del Instituto Uruguayo de Meteorolog\u00eda (Inumet), Madeleine Renom, que les transmiti\u00f3 que \u201cpara los pr\u00f3ximos d\u00edas se est\u00e1 pronosticando un desmejoramiento del clima producto de la irrupci\u00f3n de una masa de aire fr\u00edo al territorio nacional\u201d y que esto \u201cse puede dar sobre el fin de semana, espec\u00edficamente hacia el domingo\u201d.<\/p>\n\n\n\n<p>\u201cHay alg\u00fan otro tipo de fen\u00f3meno meteorol\u00f3gico, que se va a dar sobre el sur de Brasil, que puede afectarnos seriamente y contribuir a la baja de las sensaci\u00f3n t\u00e9rmica\u201d, detall\u00f3. Subray\u00f3 que por esa raz\u00f3n se decidi\u00f3 el mantenimiento del estado de alerta y que se est\u00e1 a la espera de una advertencia meteorol\u00f3gica de Inumet prevista para este jueves.<\/p>\n\n\n\n<p>Consultado sobre si cuando cese la alerta tambi\u00e9n van a concluir las medidas, Palomeque adelant\u00f3 que \u201ctoda la infraestructura que se ha volcado para la respuesta a la emergencia\u201d, as\u00ed como la creaci\u00f3n de centros de evacuaci\u00f3n, \u201cva a mantenerse\u201d. \u201cLo que cesa al momento de cesar la emergencia es la operativa a nivel de calle y el traslado forzoso en el caso de las personas que no accedan\u201d, precis\u00f3. \u201cEn el marco de esta alerta se han equipado centros de refugio [del Mides]; han crecido las plazas en centros de refugio, que van a mantenerse en manos del Mides\u201d, detall\u00f3.<\/p>\n\n\n\n<h3 class=\"wp-block-heading\">Atenci\u00f3n recibida en los centros de evacuaci\u00f3n<\/h3>\n\n\n\n<p>El director del Sinae dijo que se aument\u00f3 el n\u00famero de equipos m\u00e9dicos y record\u00f3 la medida anunciada este martes para que se cuente con atenci\u00f3n en salud en los centros. Apunt\u00f3 que en total hay tres ambulancias, una para cada centro, y destac\u00f3 que esto \u201cpotencia la capacidad de asistencia inmediata\u201d.<\/p>\n\n\n\n<p>Asimismo, subray\u00f3 la mejora que supone \u201cel establecimiento de un policl\u00ednico de 6.00 a 18.00\u201d en los centros, que \u201cva a migrar\u201d de uno a otro para brindar asistencia a las personas. Tambi\u00e9n este mi\u00e9rcoles, en la Plaza de Deportes 2 se comenz\u00f3 con la vacunaci\u00f3n a todas las personas con documento de identidad.<\/p>\n\n\n\n<p>Palomeque inform\u00f3 que aproximadamente 21 personas accedieron de forma voluntaria a vacunarse y, si bien otras 14 manifestaron su voluntad de hacerlo, no pudieron por no tener c\u00e9dula. A ra\u00edz de esto, dijo, se \u201cabri\u00f3 una oportunidad\u201d para una coordinaci\u00f3n entre el Ministerio del Interior (MI) y la Direcci\u00f3n Nacional de Identificaci\u00f3n Civil para tramitar ese documento en cada centro y as\u00ed permitir \u201cno s\u00f3lo su registro, sino el acceso a las vacunas y el registro\u201d en el servicio de salud.<\/p>\n\n\n\n<p>En ese sentido, Clavijo adelant\u00f3 que el MI \u201cva a dar acceso a m\u00f3viles que tienen la facilidad de realizar los tr\u00e1mites de las c\u00e9dulas en esos lugares\u201d. Este jueves por la ma\u00f1ana comenzar\u00e1 el proceso en centro que funciona en el polideportivo de la Escuela Nacional de Polic\u00eda, donde \u201ctodas las personas que no posean c\u00e9dula puedan tramitarla\u201d, lo que \u201cles va a dar la posibilidad de recibir vacunaci\u00f3n y atenci\u00f3n m\u00e9dica cl\u00ednica, adem\u00e1s de la de emergencia\u201d.<\/p>\n\n\n\n<p>Por otra parte, Palomeque especific\u00f3 que en los centros est\u00e1 prevista la alimentaci\u00f3n para las personas, as\u00ed como las camas y \u201cfrazadas de abrigo convencionales\u201d. Coment\u00f3 que, \u201cseg\u00fan el criterio de los equipos t\u00e9cnicos, se les entregan mantas isot\u00e9rmicas, mantas aluminizadas\u201d que \u201cse utilizan para situaciones de rescate, que tienen la particularidad de que evitan la p\u00e9rdida del 80% de la temperatura corporal, es decir, son m\u00e1s efectivas que las convencionales\u201d, dijo.<\/p>\n\n\n\n<p><em>*La Diaria<\/em><\/p>\n","protected":false},"excerpt":{"rendered":"<p>Es el tercer d\u00eda de operativo en el marco de la declaraci\u00f3n de una alerta roja por fr\u00edo para personas en situaci\u00f3n de calle, y<\/p>\n","protected":false},"author":1,"featured_media":804,"comment_status":"open","ping_status":"open","sticky":false,"template":"","format":"standard","meta":{"advgb_blocks_editor_width":"","advgb_blocks_columns_visual_guide":"","footnotes":"","jetpack_publicize_message":"","jetpack_publicize_feature_enabled":true,"jetpack_social_post_already_shared":true,"jetpack_social_options":{"image_generator_settings":{"template":"highway","default_image_id":0,"font":"","enabled":false},"version":2}},"categories":[7],"tags":[],"class_list":["post-803","post","type-post","status-publish","format-standard","has-post-thumbnail","hentry","category-del-pais"],"author_meta":{"display_name":"Portal","author_link":"https:\/\/portaldeyoung.uy\/index.php\/author\/admin_port\/"},"featured_img":"https:\/\/portaldeyoung.uy\/wp-content\/uploads\/2025\/06\/Palomeque-sinae-300x200.jpg","jetpack_publicize_connections":[],"coauthors":[],"tax_additional":{"categories":{"linked":["<a href=\"https:\/\/portaldeyoung.uy\/index.php\/category\/del-pais\/\" class=\"advgb-post-tax-term\">Del pa\u00eds<\/a>"],"unlinked":["<span class=\"advgb-post-tax-term\">Del pa\u00eds<\/span>"]}},"comment_count":"0","relative_dates":{"created":"Publicado 10 meses hace","modified":"Actualizado 10 meses hace"},"absolute_dates":{"created":"Publicado el junio 26, 2025","modified":"Actualizado el junio 26, 2025"},"absolute_dates_time":{"created":"Publicado el junio 26, 2025 10:02 am","modified":"Actualizado el junio 26, 2025 10:02 am"},"featured_img_caption":"","series_order":"","_links":{"self":[{"href":"https:\/\/portaldeyoung.uy\/index.php\/wp-json\/wp\/v2\/posts\/803","targetHints":{"allow":["GET"]}}],"collection":[{"href":"https:\/\/portaldeyoung.uy\/index.php\/wp-json\/wp\/v2\/posts"}],"about":[{"href":"https:\/\/portaldeyoung.uy\/index.php\/wp-json\/wp\/v2\/types\/post"}],"author":[{"embeddable":true,"href":"https:\/\/portaldeyoung.uy\/index.php\/wp-json\/wp\/v2\/users\/1"}],"replies":[{"embeddable":true,"href":"https:\/\/portaldeyoung.uy\/index.php\/wp-json\/wp\/v2\/comments?post=803"}],"version-history":[{"count":1,"href":"https:\/\/portaldeyoung.uy\/index.php\/wp-json\/wp\/v2\/posts\/803\/revisions"}],"predecessor-version":[{"id":805,"href":"https:\/\/portaldeyoung.uy\/index.php\/wp-json\/wp\/v2\/posts\/803\/revisions\/805"}],"wp:featuredmedia":[{"embeddable":true,"href":"https:\/\/portaldeyoung.uy\/index.php\/wp-json\/wp\/v2\/media\/804"}],"wp:attachment":[{"href":"https:\/\/portaldeyoung.uy\/index.php\/wp-json\/wp\/v2\/media?parent=803"}],"wp:term":[{"taxonomy":"category","embeddable":true,"href":"https:\/\/portaldeyoung.uy\/index.php\/wp-json\/wp\/v2\/categories?post=803"},{"taxonomy":"post_tag","embeddable":true,"href":"https:\/\/portaldeyoung.uy\/index.php\/wp-json\/wp\/v2\/tags?post=803"}],"curies":[{"name":"wp","href":"https:\/\/api.w.org\/{rel}","templated":true}]}}