{"id":8011,"date":"2026-02-04T10:08:43","date_gmt":"2026-02-04T10:08:43","guid":{"rendered":"https:\/\/portaldeyoung.uy\/?p=8011"},"modified":"2026-02-04T10:08:45","modified_gmt":"2026-02-04T10:08:45","slug":"china-llama-a-promover-con-uruguay-una-globalizacion-economica-inclusiva","status":"publish","type":"post","link":"https:\/\/portaldeyoung.uy\/index.php\/2026\/02\/04\/china-llama-a-promover-con-uruguay-una-globalizacion-economica-inclusiva\/","title":{"rendered":"China llama a promover con Uruguay una \u00abglobalizaci\u00f3n econ\u00f3mica inclusiva\u00bb"},"content":{"rendered":"\n<p>El presidente chino, Xi Jinping, expres\u00f3 que busca promover una \u00abmultipolarizaci\u00f3n\u00bb mundial \u00abequitativa y ordenada\u00bb.<\/p>\n\n\n\n<p>El presidente chino, Xi Jinping, llam\u00f3 este martes a promover una \u00abmultipolarizaci\u00f3n\u00bb mundial \u00abequitativa y ordenada\u00bb y una \u00abglobalizaci\u00f3n econ\u00f3mica inclusiva\u00bb durante una reuni\u00f3n con su hom\u00f3logo uruguayo, Yamand\u00fa Orsi, en el Gran Palacio del Pueblo de Beijing.<\/p>\n\n\n\n<p>Durante el encuentro, el mandatario del pa\u00eds asi\u00e1tico reafirm\u00f3 que Beijing&nbsp;\u00abconcede siempre una gran importancia a las relaciones entre China y Am\u00e9rica Latina\u00bb, al tiempo que recalc\u00f3 su apoyo a los pa\u00edses de la regi\u00f3n \u00aben la defensa de sus propios intereses de soberan\u00eda, seguridad y desarrollo\u00bb.<\/p>\n\n\n\n<p>\u00ab(China) est\u00e1 dispuesta a trabajar con Uruguay y los pa\u00edses de la regi\u00f3n para impulsar de manera profunda y sustantiva la construcci\u00f3n de una comunidad de futuro compartido China-Am\u00e9rica Latina\u00bb, asever\u00f3 Xi, de acuerdo a la transcripci\u00f3n difundida por el oficialista Diario del Pueblo.<\/p>\n\n\n\n<p>En un comunicado conjunto, China y Uruguay subrayaron la necesidad de \u00abfortalecer la cooperaci\u00f3n dentro de las organizaciones internacionales y los mecanismos multilaterales\u00bb, y reafirmaron su apoyo a un sistema internacional con Naciones Unidas como eje y a una globalizaci\u00f3n econ\u00f3mica \u00abinclusiva y beneficiosa para todos\u00bb, conceptos habituales en la diplomacia china.<\/p>\n\n\n\n<p>Antes, Xi llam\u00f3 a promover una \u00abmultipolarizaci\u00f3n mundial equitativa y ordenada\u00bb y expres\u00f3 el respaldo de Beijing&nbsp; al papel de Uruguay en foros internacionales como el Grupo de los 77 y China, del que ostenta la presidencia rotatoria, y la Comunidad de Estados Latinoamericanos y Caribe\u00f1os (Celac), que liderar\u00e1 pr\u00f3ximamente. Tambi\u00e9n ofreci\u00f3 su apoyo a Uruguay en la defensa de su soberan\u00eda, seguridad y desarrollo.<\/p>\n\n\n\n<p>Ambas partes destacaron la voluntad de construir una \u00abcomunidad de futuro compartido China-Am\u00e9rica Latina\u00bb y coincidieron en que el actual contexto global, caracterizado por \u00abpr\u00e1cticas unilaterales\u00bb y una creciente \u00abturbulencia\u00bb, exige una mayor coordinaci\u00f3n entre pa\u00edses en desarrollo.<\/p>\n\n\n\n<p><em>*Texto &#8211; EFE<\/em><\/p>\n","protected":false},"excerpt":{"rendered":"<p>El presidente chino, Xi Jinping, expres\u00f3 que busca promover una \u00abmultipolarizaci\u00f3n\u00bb mundial \u00abequitativa y ordenada\u00bb. El presidente chino, Xi Jinping, llam\u00f3 este martes a promover<\/p>\n","protected":false},"author":1,"featured_media":8012,"comment_status":"closed","ping_status":"open","sticky":false,"template":"","format":"standard","meta":{"advgb_blocks_editor_width":"","advgb_blocks_columns_visual_guide":"","footnotes":"","jetpack_publicize_message":"","jetpack_publicize_feature_enabled":true,"jetpack_social_post_already_shared":true,"jetpack_social_options":{"image_generator_settings":{"template":"highway","default_image_id":0,"font":"","enabled":false},"version":2}},"categories":[7],"tags":[],"class_list":["post-8011","post","type-post","status-publish","format-standard","has-post-thumbnail","hentry","category-del-pais"],"author_meta":{"display_name":"Portal","author_link":"https:\/\/portaldeyoung.uy\/index.php\/author\/admin_port\/"},"featured_img":"https:\/\/portaldeyoung.uy\/wp-content\/uploads\/2026\/02\/Orsi-chino-300x147.png","jetpack_publicize_connections":[],"coauthors":[],"tax_additional":{"categories":{"linked":["<a href=\"https:\/\/portaldeyoung.uy\/index.php\/category\/del-pais\/\" class=\"advgb-post-tax-term\">Del pa\u00eds<\/a>"],"unlinked":["<span class=\"advgb-post-tax-term\">Del pa\u00eds<\/span>"]}},"comment_count":"0","relative_dates":{"created":"Publicado 3 meses hace","modified":"Actualizado 3 meses hace"},"absolute_dates":{"created":"Publicado el febrero 4, 2026","modified":"Actualizado el febrero 4, 2026"},"absolute_dates_time":{"created":"Publicado el febrero 4, 2026 10:08 am","modified":"Actualizado el febrero 4, 2026 10:08 am"},"featured_img_caption":"","series_order":"","_links":{"self":[{"href":"https:\/\/portaldeyoung.uy\/index.php\/wp-json\/wp\/v2\/posts\/8011","targetHints":{"allow":["GET"]}}],"collection":[{"href":"https:\/\/portaldeyoung.uy\/index.php\/wp-json\/wp\/v2\/posts"}],"about":[{"href":"https:\/\/portaldeyoung.uy\/index.php\/wp-json\/wp\/v2\/types\/post"}],"author":[{"embeddable":true,"href":"https:\/\/portaldeyoung.uy\/index.php\/wp-json\/wp\/v2\/users\/1"}],"replies":[{"embeddable":true,"href":"https:\/\/portaldeyoung.uy\/index.php\/wp-json\/wp\/v2\/comments?post=8011"}],"version-history":[{"count":1,"href":"https:\/\/portaldeyoung.uy\/index.php\/wp-json\/wp\/v2\/posts\/8011\/revisions"}],"predecessor-version":[{"id":8013,"href":"https:\/\/portaldeyoung.uy\/index.php\/wp-json\/wp\/v2\/posts\/8011\/revisions\/8013"}],"wp:featuredmedia":[{"embeddable":true,"href":"https:\/\/portaldeyoung.uy\/index.php\/wp-json\/wp\/v2\/media\/8012"}],"wp:attachment":[{"href":"https:\/\/portaldeyoung.uy\/index.php\/wp-json\/wp\/v2\/media?parent=8011"}],"wp:term":[{"taxonomy":"category","embeddable":true,"href":"https:\/\/portaldeyoung.uy\/index.php\/wp-json\/wp\/v2\/categories?post=8011"},{"taxonomy":"post_tag","embeddable":true,"href":"https:\/\/portaldeyoung.uy\/index.php\/wp-json\/wp\/v2\/tags?post=8011"}],"curies":[{"name":"wp","href":"https:\/\/api.w.org\/{rel}","templated":true}]}}