{"id":7991,"date":"2026-02-03T06:00:00","date_gmt":"2026-02-03T06:00:00","guid":{"rendered":"https:\/\/portaldeyoung.uy\/?p=7991"},"modified":"2026-02-05T10:29:50","modified_gmt":"2026-02-05T10:29:50","slug":"danza-uruguay-en-encuentro-internacional-de-malambo","status":"publish","type":"post","link":"https:\/\/portaldeyoung.uy\/index.php\/2026\/02\/03\/danza-uruguay-en-encuentro-internacional-de-malambo\/","title":{"rendered":"Danza Uruguay en Encuentro internacional de malambo"},"content":{"rendered":"\n<p><strong>Del domingo 11 al domingo 19 de enero se llev\u00f3 a cabo la 58\u00aa edici\u00f3n del Festival Nacional de Malambo en la ciudad de Laborde, Provincia de C\u00f3rdoba, Rep\u00fablica Argentina, uno de los eventos m\u00e1s relevantes del folclore a nivel regional<\/strong>.<\/p>\n\n\n\n<p>En representaci\u00f3n de Uruguay participaron el Ballet Folkl\u00f3rico Danza Uruguay, dirigido por la Directora y Profesora Silvia Arcidiaco, y el Ballet Folkl\u00f3rico Nacional del departamento de Canelones, bajo la direcci\u00f3n de Sebasti\u00e1n Rodr\u00edguez.<\/p>\n\n\n\n<p>Durante su participaci\u00f3n, ambas delegaciones realizaron presentaciones en distintas localidades, promoviendo el intercambio cultural y fortaleciendo los lazos art\u00edsticos entre Uruguay y Argentina.<\/p>\n\n\n\n<p>La actividad culmin\u00f3 el viernes 16 de enero, con una destacada actuaci\u00f3n en el escenario mayor del festival, ante un numeroso marco de p\u00fablico.<\/p>\n\n\n\n<p>La presencia de los ballets uruguayos en este evento internacional reafirma el valor de la danza folkl\u00f3rica como expresi\u00f3n de identidad cultural y como herramienta de integraci\u00f3n regional.<\/p>\n","protected":false},"excerpt":{"rendered":"<p>Del domingo 11 al domingo 19 de enero se llev\u00f3 a cabo la 58\u00aa edici\u00f3n del Festival Nacional de Malambo en la ciudad de Laborde,<\/p>\n","protected":false},"author":1,"featured_media":7992,"comment_status":"closed","ping_status":"open","sticky":false,"template":"","format":"standard","meta":{"advgb_blocks_editor_width":"","advgb_blocks_columns_visual_guide":"","footnotes":"","jetpack_publicize_message":"","jetpack_publicize_feature_enabled":true,"jetpack_social_post_already_shared":true,"jetpack_social_options":{"image_generator_settings":{"template":"highway","default_image_id":0,"font":"","enabled":false},"version":2}},"categories":[28],"tags":[],"class_list":["post-7991","post","type-post","status-publish","format-standard","has-post-thumbnail","hentry","category-de-la-ciudad"],"author_meta":{"display_name":"Portal","author_link":"https:\/\/portaldeyoung.uy\/index.php\/author\/admin_port\/"},"featured_img":"https:\/\/portaldeyoung.uy\/wp-content\/uploads\/2026\/02\/danza-uruguay-300x169.jpeg","jetpack_publicize_connections":[],"coauthors":[],"tax_additional":{"categories":{"linked":["<a href=\"https:\/\/portaldeyoung.uy\/index.php\/category\/de-la-ciudad\/\" class=\"advgb-post-tax-term\">De la ciudad<\/a>"],"unlinked":["<span class=\"advgb-post-tax-term\">De la ciudad<\/span>"]}},"comment_count":"0","relative_dates":{"created":"Publicado 3 meses hace","modified":"Actualizado 3 meses hace"},"absolute_dates":{"created":"Publicado el febrero 3, 2026","modified":"Actualizado el febrero 5, 2026"},"absolute_dates_time":{"created":"Publicado el febrero 3, 2026 6:00 am","modified":"Actualizado el febrero 5, 2026 10:29 am"},"featured_img_caption":"","series_order":"","_links":{"self":[{"href":"https:\/\/portaldeyoung.uy\/index.php\/wp-json\/wp\/v2\/posts\/7991","targetHints":{"allow":["GET"]}}],"collection":[{"href":"https:\/\/portaldeyoung.uy\/index.php\/wp-json\/wp\/v2\/posts"}],"about":[{"href":"https:\/\/portaldeyoung.uy\/index.php\/wp-json\/wp\/v2\/types\/post"}],"author":[{"embeddable":true,"href":"https:\/\/portaldeyoung.uy\/index.php\/wp-json\/wp\/v2\/users\/1"}],"replies":[{"embeddable":true,"href":"https:\/\/portaldeyoung.uy\/index.php\/wp-json\/wp\/v2\/comments?post=7991"}],"version-history":[{"count":1,"href":"https:\/\/portaldeyoung.uy\/index.php\/wp-json\/wp\/v2\/posts\/7991\/revisions"}],"predecessor-version":[{"id":7993,"href":"https:\/\/portaldeyoung.uy\/index.php\/wp-json\/wp\/v2\/posts\/7991\/revisions\/7993"}],"wp:featuredmedia":[{"embeddable":true,"href":"https:\/\/portaldeyoung.uy\/index.php\/wp-json\/wp\/v2\/media\/7992"}],"wp:attachment":[{"href":"https:\/\/portaldeyoung.uy\/index.php\/wp-json\/wp\/v2\/media?parent=7991"}],"wp:term":[{"taxonomy":"category","embeddable":true,"href":"https:\/\/portaldeyoung.uy\/index.php\/wp-json\/wp\/v2\/categories?post=7991"},{"taxonomy":"post_tag","embeddable":true,"href":"https:\/\/portaldeyoung.uy\/index.php\/wp-json\/wp\/v2\/tags?post=7991"}],"curies":[{"name":"wp","href":"https:\/\/api.w.org\/{rel}","templated":true}]}}