{"id":7988,"date":"2026-02-03T05:45:00","date_gmt":"2026-02-03T05:45:00","guid":{"rendered":"https:\/\/portaldeyoung.uy\/?p=7988"},"modified":"2026-02-02T23:28:40","modified_gmt":"2026-02-02T23:28:40","slug":"se-vivio-una-verdadera-fiesta-deportiva-con-la-10k-y-5k-las-canas","status":"publish","type":"post","link":"https:\/\/portaldeyoung.uy\/index.php\/2026\/02\/03\/se-vivio-una-verdadera-fiesta-deportiva-con-la-10k-y-5k-las-canas\/","title":{"rendered":"Se vivi\u00f3 una verdadera fiesta deportiva con la 10K y 5K Las Ca\u00f1as"},"content":{"rendered":"\n<p><strong>La tardecita del s\u00e1bado 31 se transform\u00f3 en una verdadera celebraci\u00f3n del deporte con la realizaci\u00f3n de la tradicional carrera 10K y 5K Fray Bentos \u2013 Las Ca\u00f1as, que convoc\u00f3 a una alta participaci\u00f3n de atletas y a un numeroso p\u00fablico que acompa\u00f1\u00f3 y alent\u00f3 a lo largo del recorrido.<\/strong><\/p>\n\n\n\n<p>Vecinos, vecinas y visitantes disfrutaron de un espect\u00e1culo deportivo de gran nivel, en un clima festivo que volvi\u00f3 a poner en valor este evento como una de las principales propuestas deportivas y recreativas del departamento.<\/p>\n\n\n\n<p>En la competencia de 10 kil\u00f3metros, el ganador fue Mart\u00edn Cuestas, con un tiempo de 31:01, seguido por Roberto Umpi\u00e9rrez, mientras que el mejor atleta de Rio Negro fue Pascual Acevedo. En la categor\u00eda damas, la victoria fue para Joana Navarrete. En tanto, en la modalidad silla de ruedas, el primer lugar correspondi\u00f3 a Eduardo Dutra.<\/p>\n\n\n\n<p>Por su parte, en la prueba de 5 kil\u00f3metros, el triunfo en la general masculina fue para Eduardo De Curti, mientras que en la categor\u00eda femenina la ganadora fue Dausend Siri, completando una jornada marcada por el buen nivel competitivo y la participaci\u00f3n de atletas de distintos puntos del pa\u00eds.<\/p>\n\n\n\n<p><a href=\"https:\/\/www.rionegro.gub.uy\/wp-content\/uploads\/2026\/02\/10k-7-scaled.jpg\"><\/a><\/p>\n\n\n\n<figure class=\"wp-block-image\"><a href=\"https:\/\/www.rionegro.gub.uy\/wp-content\/uploads\/2026\/02\/10k-7-scaled.jpg\"><img decoding=\"async\" src=\"https:\/\/www.rionegro.gub.uy\/wp-content\/uploads\/2026\/02\/10k-7-scaled.jpg\" alt=\"\"\/><\/a><\/figure>\n","protected":false},"excerpt":{"rendered":"<p>La tardecita del s\u00e1bado 31 se transform\u00f3 en una verdadera celebraci\u00f3n del deporte con la realizaci\u00f3n de la tradicional carrera 10K y 5K Fray Bentos<\/p>\n","protected":false},"author":1,"featured_media":7989,"comment_status":"closed","ping_status":"open","sticky":false,"template":"","format":"standard","meta":{"advgb_blocks_editor_width":"","advgb_blocks_columns_visual_guide":"","footnotes":"","jetpack_publicize_message":"","jetpack_publicize_feature_enabled":true,"jetpack_social_post_already_shared":true,"jetpack_social_options":{"image_generator_settings":{"template":"highway","default_image_id":0,"font":"","enabled":false},"version":2}},"categories":[5],"tags":[],"class_list":["post-7988","post","type-post","status-publish","format-standard","has-post-thumbnail","hentry","category-de-la-tribuna"],"author_meta":{"display_name":"Portal","author_link":"https:\/\/portaldeyoung.uy\/index.php\/author\/admin_port\/"},"featured_img":"https:\/\/portaldeyoung.uy\/wp-content\/uploads\/2026\/02\/prueba-las-canas-300x169.jpg","jetpack_publicize_connections":[],"coauthors":[],"tax_additional":{"categories":{"linked":["<a href=\"https:\/\/portaldeyoung.uy\/index.php\/category\/de-la-tribuna\/\" class=\"advgb-post-tax-term\">De la tribuna<\/a>"],"unlinked":["<span class=\"advgb-post-tax-term\">De la tribuna<\/span>"]}},"comment_count":"0","relative_dates":{"created":"Publicado 3 meses hace","modified":"Actualizado 3 meses hace"},"absolute_dates":{"created":"Publicado el febrero 3, 2026","modified":"Actualizado el febrero 2, 2026"},"absolute_dates_time":{"created":"Publicado el febrero 3, 2026 5:45 am","modified":"Actualizado el febrero 2, 2026 11:28 pm"},"featured_img_caption":"","series_order":"","_links":{"self":[{"href":"https:\/\/portaldeyoung.uy\/index.php\/wp-json\/wp\/v2\/posts\/7988","targetHints":{"allow":["GET"]}}],"collection":[{"href":"https:\/\/portaldeyoung.uy\/index.php\/wp-json\/wp\/v2\/posts"}],"about":[{"href":"https:\/\/portaldeyoung.uy\/index.php\/wp-json\/wp\/v2\/types\/post"}],"author":[{"embeddable":true,"href":"https:\/\/portaldeyoung.uy\/index.php\/wp-json\/wp\/v2\/users\/1"}],"replies":[{"embeddable":true,"href":"https:\/\/portaldeyoung.uy\/index.php\/wp-json\/wp\/v2\/comments?post=7988"}],"version-history":[{"count":1,"href":"https:\/\/portaldeyoung.uy\/index.php\/wp-json\/wp\/v2\/posts\/7988\/revisions"}],"predecessor-version":[{"id":7990,"href":"https:\/\/portaldeyoung.uy\/index.php\/wp-json\/wp\/v2\/posts\/7988\/revisions\/7990"}],"wp:featuredmedia":[{"embeddable":true,"href":"https:\/\/portaldeyoung.uy\/index.php\/wp-json\/wp\/v2\/media\/7989"}],"wp:attachment":[{"href":"https:\/\/portaldeyoung.uy\/index.php\/wp-json\/wp\/v2\/media?parent=7988"}],"wp:term":[{"taxonomy":"category","embeddable":true,"href":"https:\/\/portaldeyoung.uy\/index.php\/wp-json\/wp\/v2\/categories?post=7988"},{"taxonomy":"post_tag","embeddable":true,"href":"https:\/\/portaldeyoung.uy\/index.php\/wp-json\/wp\/v2\/tags?post=7988"}],"curies":[{"name":"wp","href":"https:\/\/api.w.org\/{rel}","templated":true}]}}