{"id":7970,"date":"2026-02-02T19:12:57","date_gmt":"2026-02-02T19:12:57","guid":{"rendered":"https:\/\/portaldeyoung.uy\/?p=7970"},"modified":"2026-02-02T23:30:07","modified_gmt":"2026-02-02T23:30:07","slug":"dos-episodios-con-arma-blanca-registrados-en-fray-bentos","status":"publish","type":"post","link":"https:\/\/portaldeyoung.uy\/index.php\/2026\/02\/02\/dos-episodios-con-arma-blanca-registrados-en-fray-bentos\/","title":{"rendered":"Dos episodios con arma blanca registrados en Fray Bentos"},"content":{"rendered":"\n<p>Dos hechos de violencia con arma blanca fueron informados por Jefatura de Polic\u00eda y ocurrieron en las \u00faltimas horas en la ciudad de Fray Bentos. Ambos casos motivaron la intervenci\u00f3n policial y dieron lugar a actuaciones judiciales.<\/p>\n\n\n\n<p>El primer episodio se conoci\u00f3 a partir de un llamado recibido desde el <strong>Centro de Comando Unificado Departamental<\/strong>, alertando sobre un <strong>masculino herido por arma blanca<\/strong> que estaba siendo asistido en un centro de emergencia. Al concurrir al lugar, funcionarios policiales se entrevistaron con la v\u00edctima, de iniciales <strong>N.A.B.C.<\/strong>, quien relat\u00f3 que al transitar por <strong>calle Rivera, pasando Alzaibar<\/strong>, se cruz\u00f3 con un masculino conocido. Seg\u00fan su testimonio, el individuo extrajo un <strong>machete<\/strong> de entre sus ropas y lo agredi\u00f3, provoc\u00e1ndole un <strong>corte en el antebrazo izquierdo<\/strong>. Debido a la gravedad de la lesi\u00f3n, el herido debi\u00f3 ser trasladado a la ciudad de <strong>Paysand\u00fa<\/strong>, donde fue sometido a una intervenci\u00f3n quir\u00fargica.<\/p>\n\n\n\n<p>Enterada la <strong>Fiscal\u00eda de Turno<\/strong>, se dispuso una <strong>orden de inspecci\u00f3n en la finca del presunto agresor<\/strong>, procedimiento del cual result\u00f3 la <strong>detenci\u00f3n de un hombre mayor de edad<\/strong>. Dentro del plazo legal, se fij\u00f3 audiencia para la jornada de la fecha.<\/p>\n\n\n\n<p>El segundo episodio ocurri\u00f3 mientras funcionarios policiales cumpl\u00edan tareas en un <strong>puesto de observaci\u00f3n en la intersecci\u00f3n de calles Zorrilla y Alzaibar<\/strong>, en el marco del <strong>Operativo Carnaval<\/strong>. En ese momento, vecinos alertaron sobre una situaci\u00f3n violenta, observ\u00e1ndose a un hombre mayor de edad que manten\u00eda reducido en el suelo a otro masculino. De acuerdo a lo manifestado, este \u00faltimo habr\u00eda intentado <strong>apu\u00f1alar al hermano<\/strong> del primer interviniente, sin lograr su cometido.<\/p>\n\n\n\n<p>El agresor fue <strong>detenido y conducido a seccional policial<\/strong>, d\u00e1ndose cuenta a la Fiscal\u00eda de Turno, que dispuso su ingreso <strong>en calidad de detenido<\/strong>, continu\u00e1ndose con las actuaciones correspondientes.<\/p>\n","protected":false},"excerpt":{"rendered":"<p>Dos hechos de violencia con arma blanca fueron informados por Jefatura de Polic\u00eda y ocurrieron en las \u00faltimas horas en la ciudad de Fray Bentos.<\/p>\n","protected":false},"author":1,"featured_media":7971,"comment_status":"closed","ping_status":"open","sticky":false,"template":"","format":"standard","meta":{"advgb_blocks_editor_width":"","advgb_blocks_columns_visual_guide":"","footnotes":"","jetpack_publicize_message":"","jetpack_publicize_feature_enabled":true,"jetpack_social_post_already_shared":true,"jetpack_social_options":{"image_generator_settings":{"template":"highway","default_image_id":0,"font":"","enabled":false},"version":2}},"categories":[6],"tags":[],"class_list":["post-7970","post","type-post","status-publish","format-standard","has-post-thumbnail","hentry","category-del-departamento"],"author_meta":{"display_name":"Portal","author_link":"https:\/\/portaldeyoung.uy\/index.php\/author\/admin_port\/"},"featured_img":"https:\/\/portaldeyoung.uy\/wp-content\/uploads\/2026\/02\/machete-300x168.png","jetpack_publicize_connections":[],"coauthors":[],"tax_additional":{"categories":{"linked":["<a href=\"https:\/\/portaldeyoung.uy\/index.php\/category\/del-departamento\/\" class=\"advgb-post-tax-term\">Del departamento<\/a>"],"unlinked":["<span class=\"advgb-post-tax-term\">Del departamento<\/span>"]}},"comment_count":"0","relative_dates":{"created":"Publicado 3 meses hace","modified":"Actualizado 3 meses hace"},"absolute_dates":{"created":"Publicado el febrero 2, 2026","modified":"Actualizado el febrero 2, 2026"},"absolute_dates_time":{"created":"Publicado el febrero 2, 2026 7:12 pm","modified":"Actualizado el febrero 2, 2026 11:30 pm"},"featured_img_caption":"","series_order":"","_links":{"self":[{"href":"https:\/\/portaldeyoung.uy\/index.php\/wp-json\/wp\/v2\/posts\/7970","targetHints":{"allow":["GET"]}}],"collection":[{"href":"https:\/\/portaldeyoung.uy\/index.php\/wp-json\/wp\/v2\/posts"}],"about":[{"href":"https:\/\/portaldeyoung.uy\/index.php\/wp-json\/wp\/v2\/types\/post"}],"author":[{"embeddable":true,"href":"https:\/\/portaldeyoung.uy\/index.php\/wp-json\/wp\/v2\/users\/1"}],"replies":[{"embeddable":true,"href":"https:\/\/portaldeyoung.uy\/index.php\/wp-json\/wp\/v2\/comments?post=7970"}],"version-history":[{"count":1,"href":"https:\/\/portaldeyoung.uy\/index.php\/wp-json\/wp\/v2\/posts\/7970\/revisions"}],"predecessor-version":[{"id":7972,"href":"https:\/\/portaldeyoung.uy\/index.php\/wp-json\/wp\/v2\/posts\/7970\/revisions\/7972"}],"wp:featuredmedia":[{"embeddable":true,"href":"https:\/\/portaldeyoung.uy\/index.php\/wp-json\/wp\/v2\/media\/7971"}],"wp:attachment":[{"href":"https:\/\/portaldeyoung.uy\/index.php\/wp-json\/wp\/v2\/media?parent=7970"}],"wp:term":[{"taxonomy":"category","embeddable":true,"href":"https:\/\/portaldeyoung.uy\/index.php\/wp-json\/wp\/v2\/categories?post=7970"},{"taxonomy":"post_tag","embeddable":true,"href":"https:\/\/portaldeyoung.uy\/index.php\/wp-json\/wp\/v2\/tags?post=7970"}],"curies":[{"name":"wp","href":"https:\/\/api.w.org\/{rel}","templated":true}]}}