{"id":7964,"date":"2026-02-02T12:39:53","date_gmt":"2026-02-02T12:39:53","guid":{"rendered":"https:\/\/portaldeyoung.uy\/?p=7964"},"modified":"2026-02-05T10:30:15","modified_gmt":"2026-02-05T10:30:15","slug":"carnaval-2026-young-se-integra-al-calendario-departamental-con-llamadas-tablados-barriales-y-nuevas-propuestas","status":"publish","type":"post","link":"https:\/\/portaldeyoung.uy\/index.php\/2026\/02\/02\/carnaval-2026-young-se-integra-al-calendario-departamental-con-llamadas-tablados-barriales-y-nuevas-propuestas\/","title":{"rendered":"Carnaval 2026: Young se integra al calendario departamental con llamadas, tablados barriales y nuevas propuestas"},"content":{"rendered":"\n<p>En la segunda parte de la entrevista del <em>Portal de Young<\/em> con V\u00edctor \u201cTito\u201d Curbelo, referente de la comparsa Hechiceros del Candombe, se dieron a conocer detalles de las fechas y actividades previstas para el Carnaval en nuestra ciudad, destac\u00e1ndose un hecho relevante: la articulaci\u00f3n lograda este a\u00f1o entre la Intendencia de R\u00edo Negro y el Municipio de Young.<\/p>\n\n\n\n<p>Curbelo subray\u00f3 que el carnaval local \u201cest\u00e1 muy ligado al carnaval del departamento\u201d, y que finalmente se pudieron combinar esfuerzos institucionales para jerarquizar la fiesta. En ese marco, el <strong>s\u00e1bado 15 de febrero<\/strong> se realizar\u00e1 en Young el <strong>Concurso Regional de Llamadas<\/strong>, con caracter\u00edsticas id\u00e9nticas a las de Fray Bentos: mismo formato, mismos premios y la misma relevancia competitiva.<\/p>\n\n\n\n<p>Hasta el momento hay <strong>ocho comparsas confirmadas<\/strong>, con posibilidad de que se sume alguna m\u00e1s. La premiaci\u00f3n ser\u00e1 uno de los grandes atractivos, con un pozo cercano al <strong>mill\u00f3n de pesos<\/strong> para el primer premio, tanto en Young como en Fray Bentos. A esto se sumar\u00e1 un aporte especial del Municipio de Young, que adem\u00e1s de la premiaci\u00f3n general otorgar\u00e1 reconocimientos a figuras destacadas del desfile, como mejor cuerda de tambores, portaestandarte, porta bandera y otros rubros tradicionales de la llamada.<\/p>\n\n\n\n<p>Las actividades continuar\u00e1n el <strong>domingo 16 de febrero<\/strong>, feriado de carnaval, con un <strong>tablado barrial<\/strong> que se desarrollar\u00e1 en la sede del Club San Jos\u00e9, m\u00e1s precisamente en su cancha. Esta propuesta se enmarca en uno de los objetivos planteados por la organizaci\u00f3n: <strong>llevar el carnaval a los barrios<\/strong> y descentralizar las actividades.<\/p>\n\n\n\n<p>El <strong>lunes 17 de febrero<\/strong>, tambi\u00e9n feriado, est\u00e1 previsto otro entablado en la zona de <strong>Mevir 4<\/strong>, organizado por el colectivo <em>Ra\u00edces Younguenses<\/em>. En este sentido, Curbelo explic\u00f3 que se opt\u00f3 por no organizar directamente los tablados desde el Municipio, sino <strong>brindar apoyo a instituciones y colectivos barriales<\/strong> para que puedan llevar adelante las propuestas y beneficiarse con el acompa\u00f1amiento municipal.<\/p>\n\n\n\n<p>Otra fecha confirmada es el <strong>viernes 21 de febrero<\/strong>, cuando se realizar\u00e1 un <strong>desfile de comparsas y escuelas de samba<\/strong> , aprovechando el espacio del Parque Lineal, ampliando as\u00ed el recorrido del carnaval hacia nuevos escenarios urbanos.<\/p>\n\n\n\n<p>Por su parte, el tradicional <strong>Entierro del Carnaval<\/strong> tendr\u00e1 lugar el <strong>25 de febrero<\/strong>. Seg\u00fan adelant\u00f3 Curbelo, ser\u00e1 un desfile \u201cm\u00e1s distendido\u201d, sin la presi\u00f3n de la competencia, pensado para el disfrute pleno del p\u00fablico y de las agrupaciones, recreando el clima festivo propio del cierre del carnaval.<\/p>\n\n\n\n<p>Finalmente, el referente de Hechiceros del Candombe se\u00f1al\u00f3 que, en forma paralela a estas actividades, se viene desarrollando un <strong>certamen de canto<\/strong>, que dio inicio el pasado <strong>s\u00e1bado 29 de enero<\/strong>, sumando otra expresi\u00f3n art\u00edstica a la nutrida agenda carnavalera.<\/p>\n\n\n\n<p>De esta manera, Young se prepara para vivir un carnaval intenso, descentralizado y con fuerte integraci\u00f3n departamental.<\/p>\n","protected":false},"excerpt":{"rendered":"<p>En la segunda parte de la entrevista del Portal de Young con V\u00edctor \u201cTito\u201d Curbelo, referente de la comparsa Hechiceros del Candombe, se dieron a<\/p>\n","protected":false},"author":1,"featured_media":7965,"comment_status":"closed","ping_status":"open","sticky":false,"template":"","format":"standard","meta":{"advgb_blocks_editor_width":"","advgb_blocks_columns_visual_guide":"","footnotes":"","jetpack_publicize_message":"","jetpack_publicize_feature_enabled":true,"jetpack_social_post_already_shared":true,"jetpack_social_options":{"image_generator_settings":{"template":"highway","default_image_id":0,"font":"","enabled":false},"version":2}},"categories":[28],"tags":[],"class_list":["post-7964","post","type-post","status-publish","format-standard","has-post-thumbnail","hentry","category-de-la-ciudad"],"author_meta":{"display_name":"Portal","author_link":"https:\/\/portaldeyoung.uy\/index.php\/author\/admin_port\/"},"featured_img":"https:\/\/portaldeyoung.uy\/wp-content\/uploads\/2026\/02\/candombe-carnaval-300x169.jpg","jetpack_publicize_connections":[],"coauthors":[],"tax_additional":{"categories":{"linked":["<a href=\"https:\/\/portaldeyoung.uy\/index.php\/category\/de-la-ciudad\/\" class=\"advgb-post-tax-term\">De la ciudad<\/a>"],"unlinked":["<span class=\"advgb-post-tax-term\">De la ciudad<\/span>"]}},"comment_count":"0","relative_dates":{"created":"Publicado 3 meses hace","modified":"Actualizado 3 meses hace"},"absolute_dates":{"created":"Publicado el febrero 2, 2026","modified":"Actualizado el febrero 5, 2026"},"absolute_dates_time":{"created":"Publicado el febrero 2, 2026 12:39 pm","modified":"Actualizado el febrero 5, 2026 10:30 am"},"featured_img_caption":"","series_order":"","_links":{"self":[{"href":"https:\/\/portaldeyoung.uy\/index.php\/wp-json\/wp\/v2\/posts\/7964","targetHints":{"allow":["GET"]}}],"collection":[{"href":"https:\/\/portaldeyoung.uy\/index.php\/wp-json\/wp\/v2\/posts"}],"about":[{"href":"https:\/\/portaldeyoung.uy\/index.php\/wp-json\/wp\/v2\/types\/post"}],"author":[{"embeddable":true,"href":"https:\/\/portaldeyoung.uy\/index.php\/wp-json\/wp\/v2\/users\/1"}],"replies":[{"embeddable":true,"href":"https:\/\/portaldeyoung.uy\/index.php\/wp-json\/wp\/v2\/comments?post=7964"}],"version-history":[{"count":1,"href":"https:\/\/portaldeyoung.uy\/index.php\/wp-json\/wp\/v2\/posts\/7964\/revisions"}],"predecessor-version":[{"id":7966,"href":"https:\/\/portaldeyoung.uy\/index.php\/wp-json\/wp\/v2\/posts\/7964\/revisions\/7966"}],"wp:featuredmedia":[{"embeddable":true,"href":"https:\/\/portaldeyoung.uy\/index.php\/wp-json\/wp\/v2\/media\/7965"}],"wp:attachment":[{"href":"https:\/\/portaldeyoung.uy\/index.php\/wp-json\/wp\/v2\/media?parent=7964"}],"wp:term":[{"taxonomy":"category","embeddable":true,"href":"https:\/\/portaldeyoung.uy\/index.php\/wp-json\/wp\/v2\/categories?post=7964"},{"taxonomy":"post_tag","embeddable":true,"href":"https:\/\/portaldeyoung.uy\/index.php\/wp-json\/wp\/v2\/tags?post=7964"}],"curies":[{"name":"wp","href":"https:\/\/api.w.org\/{rel}","templated":true}]}}