{"id":7955,"date":"2026-02-02T11:55:08","date_gmt":"2026-02-02T11:55:08","guid":{"rendered":"https:\/\/portaldeyoung.uy\/?p=7955"},"modified":"2026-02-02T11:55:10","modified_gmt":"2026-02-02T11:55:10","slug":"plan-de-recuperacion-de-calles-de-la-intendencia","status":"publish","type":"post","link":"https:\/\/portaldeyoung.uy\/index.php\/2026\/02\/02\/plan-de-recuperacion-de-calles-de-la-intendencia\/","title":{"rendered":"Plan de recuperaci\u00f3n de calles de la Intendencia"},"content":{"rendered":"\n<p>Al 29 de enero de 2026, el plan cuenta con 121 cuadras ya reparadas y 286 cuadras programadas para ser intervenidas en los pr\u00f3ximos meses, lo que permitir\u00e1 alcanzar un total de 407 cuadras o tramos intervenidos en esta primer etapa del a\u00f1o 2026. Se trata de una planificaci\u00f3n integral, que avanza de forma sostenida y equilibrada, atendiendo distintas realidades territoriales y reclamos hist\u00f3ricos.<\/p>\n\n\n\n<p>Las tareas incluyen trabajos de reparaci\u00f3n, acondicionamiento y mejora de calles, definidos a partir de criterios t\u00e9cnicos, el nivel de deterioro y su impacto en la movilidad cotidiana de vecinas y vecinos. El plan se ejecuta con equipos municipales desplegados en distintos puntos del departamento, dando continuidad a una l\u00ednea de trabajo que prioriza resultados concretos.<\/p>\n\n\n\n<p>En este marco, hoy los trabajos se est\u00e1n desarrollando en las cooperativas ubicadas en los terrenos Bartezaghi, desde calle Roger Ballet y continuaci\u00f3n Beaulieu, reflejando el compromiso de llegar con obras a cada barrio y cada comunidad. Ayer se realizaron trabajos de imprimaci\u00f3n con asfalto MC1 y hoy riego con asfalto RC2 piedras 620.<\/p>\n\n\n\n<p>Desde la Intendencia se reafirma la decisi\u00f3n de seguir recuperando calles en todo R\u00edo Negro, entendiendo que una red vial en mejores condiciones es clave para el desarrollo, la producci\u00f3n y la vida diaria. Las intervenciones continuar\u00e1n a lo largo de 2026, con nuevas cuadras ya programadas y un seguimiento permanente del avance de las obras.<\/p>\n\n\n\n<p><em>*IRN<\/em><\/p>\n","protected":false},"excerpt":{"rendered":"<p>Al 29 de enero de 2026, el plan cuenta con 121 cuadras ya reparadas y 286 cuadras programadas para ser intervenidas en los pr\u00f3ximos meses,<\/p>\n","protected":false},"author":1,"featured_media":7956,"comment_status":"closed","ping_status":"open","sticky":false,"template":"","format":"standard","meta":{"advgb_blocks_editor_width":"","advgb_blocks_columns_visual_guide":"","footnotes":"","jetpack_publicize_message":"","jetpack_publicize_feature_enabled":true,"jetpack_social_post_already_shared":true,"jetpack_social_options":{"image_generator_settings":{"template":"highway","default_image_id":0,"font":"","enabled":false},"version":2}},"categories":[6],"tags":[],"class_list":["post-7955","post","type-post","status-publish","format-standard","has-post-thumbnail","hentry","category-del-departamento"],"author_meta":{"display_name":"Portal","author_link":"https:\/\/portaldeyoung.uy\/index.php\/author\/admin_port\/"},"featured_img":"https:\/\/portaldeyoung.uy\/wp-content\/uploads\/2026\/02\/recuperacion-calles-300x168.jpeg","jetpack_publicize_connections":[],"coauthors":[],"tax_additional":{"categories":{"linked":["<a href=\"https:\/\/portaldeyoung.uy\/index.php\/category\/del-departamento\/\" class=\"advgb-post-tax-term\">Del departamento<\/a>"],"unlinked":["<span class=\"advgb-post-tax-term\">Del departamento<\/span>"]}},"comment_count":"0","relative_dates":{"created":"Publicado 3 meses hace","modified":"Actualizado 3 meses hace"},"absolute_dates":{"created":"Publicado el febrero 2, 2026","modified":"Actualizado el febrero 2, 2026"},"absolute_dates_time":{"created":"Publicado el febrero 2, 2026 11:55 am","modified":"Actualizado el febrero 2, 2026 11:55 am"},"featured_img_caption":"","series_order":"","_links":{"self":[{"href":"https:\/\/portaldeyoung.uy\/index.php\/wp-json\/wp\/v2\/posts\/7955","targetHints":{"allow":["GET"]}}],"collection":[{"href":"https:\/\/portaldeyoung.uy\/index.php\/wp-json\/wp\/v2\/posts"}],"about":[{"href":"https:\/\/portaldeyoung.uy\/index.php\/wp-json\/wp\/v2\/types\/post"}],"author":[{"embeddable":true,"href":"https:\/\/portaldeyoung.uy\/index.php\/wp-json\/wp\/v2\/users\/1"}],"replies":[{"embeddable":true,"href":"https:\/\/portaldeyoung.uy\/index.php\/wp-json\/wp\/v2\/comments?post=7955"}],"version-history":[{"count":1,"href":"https:\/\/portaldeyoung.uy\/index.php\/wp-json\/wp\/v2\/posts\/7955\/revisions"}],"predecessor-version":[{"id":7957,"href":"https:\/\/portaldeyoung.uy\/index.php\/wp-json\/wp\/v2\/posts\/7955\/revisions\/7957"}],"wp:featuredmedia":[{"embeddable":true,"href":"https:\/\/portaldeyoung.uy\/index.php\/wp-json\/wp\/v2\/media\/7956"}],"wp:attachment":[{"href":"https:\/\/portaldeyoung.uy\/index.php\/wp-json\/wp\/v2\/media?parent=7955"}],"wp:term":[{"taxonomy":"category","embeddable":true,"href":"https:\/\/portaldeyoung.uy\/index.php\/wp-json\/wp\/v2\/categories?post=7955"},{"taxonomy":"post_tag","embeddable":true,"href":"https:\/\/portaldeyoung.uy\/index.php\/wp-json\/wp\/v2\/tags?post=7955"}],"curies":[{"name":"wp","href":"https:\/\/api.w.org\/{rel}","templated":true}]}}