{"id":7946,"date":"2026-02-02T11:30:54","date_gmt":"2026-02-02T11:30:54","guid":{"rendered":"https:\/\/portaldeyoung.uy\/?p=7946"},"modified":"2026-02-02T11:30:56","modified_gmt":"2026-02-02T11:30:56","slug":"operacion-nandubay-incautan-unas-200-motos-por-dia-que-estan-en-infraccion","status":"publish","type":"post","link":"https:\/\/portaldeyoung.uy\/index.php\/2026\/02\/02\/operacion-nandubay-incautan-unas-200-motos-por-dia-que-estan-en-infraccion\/","title":{"rendered":"Operaci\u00f3n \u00d1andubay: incautan unas 200 motos por d\u00eda que est\u00e1n en infracci\u00f3n"},"content":{"rendered":"\n<p>La tarea que se realiza en conjunto con la Unasev y las intendencias, con apoyo de c\u00e1maras y tecnolog\u00eda, tiene como objetivo bajar la utilizaci\u00f3n de los veh\u00edculos para llevar adelante un delito.<\/p>\n\n\n\n<p>El Ministerio del Interior lleva adelante la Operaci\u00f3n \u00d1andubay mediante la que incauta unas 200 <strong>motos<\/strong> por d\u00eda.<\/p>\n\n\n\n<p>Los controles apuntan a sacar de circulaci\u00f3n los veh\u00edculos que est\u00e1n en infracci\u00f3n y bajar la utilizaci\u00f3n de los mismos para llevar adelante un delito.<\/p>\n\n\n\n<p>El subdirector de Polic\u00eda de Montevideo, Alfredo Clavijo, dijo que est\u00e1 mucho m\u00e1s regulado el uso de la moto, en lo que refiere a c\u00f3mo las personas transitan.<\/p>\n\n\n\n<p>La tarea se realiza en conjunto con la Unasev y las intendencias, con apoyo de c\u00e1maras y tecnolog\u00eda. Esto posibilita que se detecten motos sin chapa matr\u00edcula, en mal estado, entre otras infracciones.<\/p>\n\n\n\n<p>El caudal de motos incautadas llev\u00f3 a que la Polic\u00eda tuviera que generar estrategias para su dep\u00f3sito y reciclaje.<\/p>\n\n\n\n<p>\u00abDispusimos de predios a nivel de la zona metropolitana, que agradecemos al Ministerio de Defensa Nacional, principalmente a la Armada Nacional que nos cedi\u00f3 un predio para poner veh\u00edculos incautados\u00bb, coment\u00f3.<\/p>\n\n\n\n<p>Clavijo dijo que la semana pr\u00f3xima firmar\u00e1n convenios con cooperativas que se encargar\u00e1n del desarme para posteriormente fundir las partes.<\/p>\n","protected":false},"excerpt":{"rendered":"<p>La tarea que se realiza en conjunto con la Unasev y las intendencias, con apoyo de c\u00e1maras y tecnolog\u00eda, tiene como objetivo bajar la utilizaci\u00f3n<\/p>\n","protected":false},"author":1,"featured_media":7947,"comment_status":"closed","ping_status":"open","sticky":false,"template":"","format":"standard","meta":{"advgb_blocks_editor_width":"","advgb_blocks_columns_visual_guide":"","footnotes":"","jetpack_publicize_message":"","jetpack_publicize_feature_enabled":true,"jetpack_social_post_already_shared":true,"jetpack_social_options":{"image_generator_settings":{"template":"highway","default_image_id":0,"font":"","enabled":false},"version":2}},"categories":[7],"tags":[],"class_list":["post-7946","post","type-post","status-publish","format-standard","has-post-thumbnail","hentry","category-del-pais"],"author_meta":{"display_name":"Portal","author_link":"https:\/\/portaldeyoung.uy\/index.php\/author\/admin_port\/"},"featured_img":"https:\/\/portaldeyoung.uy\/wp-content\/uploads\/2026\/02\/motos-300x198.png","jetpack_publicize_connections":[],"coauthors":[],"tax_additional":{"categories":{"linked":["<a href=\"https:\/\/portaldeyoung.uy\/index.php\/category\/del-pais\/\" class=\"advgb-post-tax-term\">Del pa\u00eds<\/a>"],"unlinked":["<span class=\"advgb-post-tax-term\">Del pa\u00eds<\/span>"]}},"comment_count":"0","relative_dates":{"created":"Publicado 3 meses hace","modified":"Actualizado 3 meses hace"},"absolute_dates":{"created":"Publicado el febrero 2, 2026","modified":"Actualizado el febrero 2, 2026"},"absolute_dates_time":{"created":"Publicado el febrero 2, 2026 11:30 am","modified":"Actualizado el febrero 2, 2026 11:30 am"},"featured_img_caption":"","series_order":"","_links":{"self":[{"href":"https:\/\/portaldeyoung.uy\/index.php\/wp-json\/wp\/v2\/posts\/7946","targetHints":{"allow":["GET"]}}],"collection":[{"href":"https:\/\/portaldeyoung.uy\/index.php\/wp-json\/wp\/v2\/posts"}],"about":[{"href":"https:\/\/portaldeyoung.uy\/index.php\/wp-json\/wp\/v2\/types\/post"}],"author":[{"embeddable":true,"href":"https:\/\/portaldeyoung.uy\/index.php\/wp-json\/wp\/v2\/users\/1"}],"replies":[{"embeddable":true,"href":"https:\/\/portaldeyoung.uy\/index.php\/wp-json\/wp\/v2\/comments?post=7946"}],"version-history":[{"count":1,"href":"https:\/\/portaldeyoung.uy\/index.php\/wp-json\/wp\/v2\/posts\/7946\/revisions"}],"predecessor-version":[{"id":7948,"href":"https:\/\/portaldeyoung.uy\/index.php\/wp-json\/wp\/v2\/posts\/7946\/revisions\/7948"}],"wp:featuredmedia":[{"embeddable":true,"href":"https:\/\/portaldeyoung.uy\/index.php\/wp-json\/wp\/v2\/media\/7947"}],"wp:attachment":[{"href":"https:\/\/portaldeyoung.uy\/index.php\/wp-json\/wp\/v2\/media?parent=7946"}],"wp:term":[{"taxonomy":"category","embeddable":true,"href":"https:\/\/portaldeyoung.uy\/index.php\/wp-json\/wp\/v2\/categories?post=7946"},{"taxonomy":"post_tag","embeddable":true,"href":"https:\/\/portaldeyoung.uy\/index.php\/wp-json\/wp\/v2\/tags?post=7946"}],"curies":[{"name":"wp","href":"https:\/\/api.w.org\/{rel}","templated":true}]}}