{"id":7937,"date":"2026-02-02T11:19:09","date_gmt":"2026-02-02T11:19:09","guid":{"rendered":"https:\/\/portaldeyoung.uy\/?p=7937"},"modified":"2026-02-02T11:19:11","modified_gmt":"2026-02-02T11:19:11","slug":"semana-con-mucho-calor-sofocante-y-maxima-de-40o-segun-el-informe-de-nubel-cisneros","status":"publish","type":"post","link":"https:\/\/portaldeyoung.uy\/index.php\/2026\/02\/02\/semana-con-mucho-calor-sofocante-y-maxima-de-40o-segun-el-informe-de-nubel-cisneros\/","title":{"rendered":"Semana con mucho calor, sofocante y m\u00e1xima de 40\u00ba, seg\u00fan el informe de Nubel Cisneros"},"content":{"rendered":"\n<p>Nubel Cisneros prev\u00e9 un comienzo de semana con mucho calor, m\u00e1ximas de 40\u00ba en el norte y 35\u00ba en el sur. Mir\u00e1 el informe de Nubel con el detalle d\u00eda a d\u00eda.<\/p>\n\n\n\n<p>Nubel Cisneros prev\u00e9 un comienzo de semana con mucho calor, m\u00e1ximas de 40\u00ba en el norte y 35\u00ba en el sur.<\/p>\n\n\n\n<p>De acuerdo a su informe, la ma\u00f1ana de este lunes se presenta templada a c\u00e1lida con cielo ligeramente nublado. En la tarde se mantendr\u00e1 el tiempo caluroso con elevadas sensaciones t\u00e9rmicas y nubosidad dispersa permaneciendo templado en la noche.<\/p>\n\n\n\n<p>El martes tendremos una ma\u00f1ana templada a c\u00e1lida, con algunas nieblas y neblinas aisladas en las primeras horas. La tarde seguir\u00e1 calurosa y pesada con cielo parcialmente nublado, presentando temperaturas agradables en la noche.<\/p>\n\n\n\n<p>El mi\u00e9rcoles se espera un comienzo de jornada templada a c\u00e1lida con cielo escasamente nublado. En la tarde seguir\u00e1n las condiciones muy calurosas con elevadas sensaciones t\u00e9rmicas y cielo parcialmente nublado, la noche seguir\u00e1 templada y h\u00fameda.<\/p>\n\n\n\n<p><strong>Lunes 2<\/strong><\/p>\n\n\n\n<p>Zona Norte: m\u00e1xima 40\u00ba y m\u00ednima 22\u00ba<\/p>\n\n\n\n<p>Zona Sur: m\u00e1xima 38\u00ba y m\u00ednima 22\u00ba<\/p>\n\n\n\n<p>Zona Metropolitana: m\u00e1xima 32\u00ba y m\u00ednima 23\u00ba<\/p>\n\n\n\n<p><strong>Martes 3<\/strong><\/p>\n\n\n\n<p>Zona Norte: m\u00e1xima 40\u00ba y m\u00ednima 23\u00ba<\/p>\n\n\n\n<p>Zona Sur: m\u00e1xima 38\u00ba y m\u00ednima 23\u00ba<\/p>\n\n\n\n<p>Zona Metropolitana: m\u00e1xima 34\u00ba y m\u00ednima 24\u00ba<\/p>\n\n\n\n<p><strong>Mi\u00e9rcoles 4<\/strong><\/p>\n\n\n\n<p>Zona Norte: m\u00e1xima 41\u00ba y m\u00ednima 21\u00ba<\/p>\n\n\n\n<p>Zona Sur: m\u00e1xima 39\u00ba y m\u00ednima 21\u00ba<\/p>\n\n\n\n<p>Zona Metropolitana: m\u00e1xima 35\u00ba y m\u00ednima 23\u00ba<\/p>\n","protected":false},"excerpt":{"rendered":"<p>Nubel Cisneros prev\u00e9 un comienzo de semana con mucho calor, m\u00e1ximas de 40\u00ba en el norte y 35\u00ba en el sur. Mir\u00e1 el informe de<\/p>\n","protected":false},"author":1,"featured_media":7938,"comment_status":"closed","ping_status":"open","sticky":false,"template":"","format":"standard","meta":{"advgb_blocks_editor_width":"","advgb_blocks_columns_visual_guide":"","footnotes":"","jetpack_publicize_message":"","jetpack_publicize_feature_enabled":true,"jetpack_social_post_already_shared":true,"jetpack_social_options":{"image_generator_settings":{"template":"highway","default_image_id":0,"font":"","enabled":false},"version":2}},"categories":[7],"tags":[],"class_list":["post-7937","post","type-post","status-publish","format-standard","has-post-thumbnail","hentry","category-del-pais"],"author_meta":{"display_name":"Portal","author_link":"https:\/\/portaldeyoung.uy\/index.php\/author\/admin_port\/"},"featured_img":"https:\/\/portaldeyoung.uy\/wp-content\/uploads\/2026\/02\/ola-de-calor-300x169.jpeg","jetpack_publicize_connections":[],"coauthors":[],"tax_additional":{"categories":{"linked":["<a href=\"https:\/\/portaldeyoung.uy\/index.php\/category\/del-pais\/\" class=\"advgb-post-tax-term\">Del pa\u00eds<\/a>"],"unlinked":["<span class=\"advgb-post-tax-term\">Del pa\u00eds<\/span>"]}},"comment_count":"0","relative_dates":{"created":"Publicado 3 meses hace","modified":"Actualizado 3 meses hace"},"absolute_dates":{"created":"Publicado el febrero 2, 2026","modified":"Actualizado el febrero 2, 2026"},"absolute_dates_time":{"created":"Publicado el febrero 2, 2026 11:19 am","modified":"Actualizado el febrero 2, 2026 11:19 am"},"featured_img_caption":"","series_order":"","_links":{"self":[{"href":"https:\/\/portaldeyoung.uy\/index.php\/wp-json\/wp\/v2\/posts\/7937","targetHints":{"allow":["GET"]}}],"collection":[{"href":"https:\/\/portaldeyoung.uy\/index.php\/wp-json\/wp\/v2\/posts"}],"about":[{"href":"https:\/\/portaldeyoung.uy\/index.php\/wp-json\/wp\/v2\/types\/post"}],"author":[{"embeddable":true,"href":"https:\/\/portaldeyoung.uy\/index.php\/wp-json\/wp\/v2\/users\/1"}],"replies":[{"embeddable":true,"href":"https:\/\/portaldeyoung.uy\/index.php\/wp-json\/wp\/v2\/comments?post=7937"}],"version-history":[{"count":1,"href":"https:\/\/portaldeyoung.uy\/index.php\/wp-json\/wp\/v2\/posts\/7937\/revisions"}],"predecessor-version":[{"id":7939,"href":"https:\/\/portaldeyoung.uy\/index.php\/wp-json\/wp\/v2\/posts\/7937\/revisions\/7939"}],"wp:featuredmedia":[{"embeddable":true,"href":"https:\/\/portaldeyoung.uy\/index.php\/wp-json\/wp\/v2\/media\/7938"}],"wp:attachment":[{"href":"https:\/\/portaldeyoung.uy\/index.php\/wp-json\/wp\/v2\/media?parent=7937"}],"wp:term":[{"taxonomy":"category","embeddable":true,"href":"https:\/\/portaldeyoung.uy\/index.php\/wp-json\/wp\/v2\/categories?post=7937"},{"taxonomy":"post_tag","embeddable":true,"href":"https:\/\/portaldeyoung.uy\/index.php\/wp-json\/wp\/v2\/tags?post=7937"}],"curies":[{"name":"wp","href":"https:\/\/api.w.org\/{rel}","templated":true}]}}