{"id":7901,"date":"2026-01-30T12:47:09","date_gmt":"2026-01-30T12:47:09","guid":{"rendered":"https:\/\/portaldeyoung.uy\/?p=7901"},"modified":"2026-01-30T12:47:18","modified_gmt":"2026-01-30T12:47:18","slug":"escuela-de-kayak-en-san-javier","status":"publish","type":"post","link":"https:\/\/portaldeyoung.uy\/index.php\/2026\/01\/30\/escuela-de-kayak-en-san-javier\/","title":{"rendered":"Escuela de Kayak en San Javier"},"content":{"rendered":"\n<p><strong>En San Javier se desarrollan actividades de kayak en distintos turnos, orientadas a promover el deporte, la recreaci\u00f3n y el disfrute del entorno natural.<\/strong><\/p>\n\n\n\n<p>Los lunes, mi\u00e9rcoles y viernes, en horario matutino, funciona la escuela de kayak destinada a ni\u00f1os y ni\u00f1as, brindando un espacio de aprendizaje, iniciaci\u00f3n deportiva y contacto con el medio acu\u00e1tico.<\/p>\n\n\n\n<p>En tanto, los martes y jueves por la tarde se ofrece la modalidad de kayak recreativo para personas adultas, una propuesta pensada para la actividad f\u00edsica, el esparcimiento y la integraci\u00f3n, aprovechando el entorno natural de la zona.<\/p>\n","protected":false},"excerpt":{"rendered":"<p>En San Javier se desarrollan actividades de kayak en distintos turnos, orientadas a promover el deporte, la recreaci\u00f3n y el disfrute del entorno natural. Los<\/p>\n","protected":false},"author":1,"featured_media":7902,"comment_status":"closed","ping_status":"open","sticky":false,"template":"","format":"standard","meta":{"advgb_blocks_editor_width":"","advgb_blocks_columns_visual_guide":"","footnotes":"","jetpack_publicize_message":"","jetpack_publicize_feature_enabled":true,"jetpack_social_post_already_shared":true,"jetpack_social_options":{"image_generator_settings":{"template":"highway","default_image_id":0,"font":"","enabled":false},"version":2}},"categories":[6],"tags":[],"class_list":["post-7901","post","type-post","status-publish","format-standard","has-post-thumbnail","hentry","category-del-departamento"],"author_meta":{"display_name":"Portal","author_link":"https:\/\/portaldeyoung.uy\/index.php\/author\/admin_port\/"},"featured_img":"https:\/\/portaldeyoung.uy\/wp-content\/uploads\/2026\/01\/kayak-san-javier-300x169.jpg","jetpack_publicize_connections":[],"coauthors":[],"tax_additional":{"categories":{"linked":["<a href=\"https:\/\/portaldeyoung.uy\/index.php\/category\/del-departamento\/\" class=\"advgb-post-tax-term\">Del departamento<\/a>"],"unlinked":["<span class=\"advgb-post-tax-term\">Del departamento<\/span>"]}},"comment_count":"0","relative_dates":{"created":"Publicado 3 meses hace","modified":"Actualizado 3 meses hace"},"absolute_dates":{"created":"Publicado el enero 30, 2026","modified":"Actualizado el enero 30, 2026"},"absolute_dates_time":{"created":"Publicado el enero 30, 2026 12:47 pm","modified":"Actualizado el enero 30, 2026 12:47 pm"},"featured_img_caption":"","series_order":"","_links":{"self":[{"href":"https:\/\/portaldeyoung.uy\/index.php\/wp-json\/wp\/v2\/posts\/7901","targetHints":{"allow":["GET"]}}],"collection":[{"href":"https:\/\/portaldeyoung.uy\/index.php\/wp-json\/wp\/v2\/posts"}],"about":[{"href":"https:\/\/portaldeyoung.uy\/index.php\/wp-json\/wp\/v2\/types\/post"}],"author":[{"embeddable":true,"href":"https:\/\/portaldeyoung.uy\/index.php\/wp-json\/wp\/v2\/users\/1"}],"replies":[{"embeddable":true,"href":"https:\/\/portaldeyoung.uy\/index.php\/wp-json\/wp\/v2\/comments?post=7901"}],"version-history":[{"count":1,"href":"https:\/\/portaldeyoung.uy\/index.php\/wp-json\/wp\/v2\/posts\/7901\/revisions"}],"predecessor-version":[{"id":7903,"href":"https:\/\/portaldeyoung.uy\/index.php\/wp-json\/wp\/v2\/posts\/7901\/revisions\/7903"}],"wp:featuredmedia":[{"embeddable":true,"href":"https:\/\/portaldeyoung.uy\/index.php\/wp-json\/wp\/v2\/media\/7902"}],"wp:attachment":[{"href":"https:\/\/portaldeyoung.uy\/index.php\/wp-json\/wp\/v2\/media?parent=7901"}],"wp:term":[{"taxonomy":"category","embeddable":true,"href":"https:\/\/portaldeyoung.uy\/index.php\/wp-json\/wp\/v2\/categories?post=7901"},{"taxonomy":"post_tag","embeddable":true,"href":"https:\/\/portaldeyoung.uy\/index.php\/wp-json\/wp\/v2\/tags?post=7901"}],"curies":[{"name":"wp","href":"https:\/\/api.w.org\/{rel}","templated":true}]}}