{"id":7841,"date":"2026-01-28T13:18:26","date_gmt":"2026-01-28T13:18:26","guid":{"rendered":"https:\/\/portaldeyoung.uy\/?p=7841"},"modified":"2026-01-30T14:13:57","modified_gmt":"2026-01-30T14:13:57","slug":"praznik-una-jornada-para-celebrar-la-cultura-y-la-naturaleza-en-san-javier","status":"publish","type":"post","link":"https:\/\/portaldeyoung.uy\/index.php\/2026\/01\/28\/praznik-una-jornada-para-celebrar-la-cultura-y-la-naturaleza-en-san-javier\/","title":{"rendered":"Praznik: una jornada para celebrar la cultura y la naturaleza en San Javier"},"content":{"rendered":"\n<p><strong>El pr\u00f3ximo 7 de febrero, el Balneario Puerto Viejo de San Javier ser\u00e1 escenario de Praznik, una propuesta abierta a toda la comunidad que invita a disfrutar de una jornada de cultura, deporte y recreaci\u00f3n.<\/strong><\/p>\n\n\n\n<p>Durante el d\u00eda, el p\u00fablico podr\u00e1 recorrer un patio gastron\u00f3mico criollo y de comidas t\u00edpicas rusas, adem\u00e1s de participar de m\u00faltiples actividades recreativas y deportivas, entre ellas carrera 5K, senderismo, b\u00fasqueda del tesoro \u201cGuardianes de los Humedales\u201d, beach v\u00f3ley, demostraci\u00f3n de newcom, paseos n\u00e1uticos, kayakismo y n\u00fameros art\u00edsticos.<\/p>\n\n\n\n<p><em>*IRN<\/em><\/p>\n","protected":false},"excerpt":{"rendered":"<p>El pr\u00f3ximo 7 de febrero, el Balneario Puerto Viejo de San Javier ser\u00e1 escenario de Praznik, una propuesta abierta a toda la comunidad que invita<\/p>\n","protected":false},"author":1,"featured_media":7842,"comment_status":"closed","ping_status":"open","sticky":false,"template":"","format":"standard","meta":{"advgb_blocks_editor_width":"","advgb_blocks_columns_visual_guide":"","footnotes":"","jetpack_publicize_message":"","jetpack_publicize_feature_enabled":true,"jetpack_social_post_already_shared":true,"jetpack_social_options":{"image_generator_settings":{"template":"highway","default_image_id":0,"font":"","enabled":false},"version":2}},"categories":[29],"tags":[],"class_list":["post-7841","post","type-post","status-publish","format-standard","has-post-thumbnail","hentry","category-del-territorio"],"author_meta":{"display_name":"Portal","author_link":"https:\/\/portaldeyoung.uy\/index.php\/author\/admin_port\/"},"featured_img":"https:\/\/portaldeyoung.uy\/wp-content\/uploads\/2026\/01\/praznik-san-javier-300x169.jpeg","jetpack_publicize_connections":[],"coauthors":[],"tax_additional":{"categories":{"linked":["<a href=\"https:\/\/portaldeyoung.uy\/index.php\/category\/del-territorio\/\" class=\"advgb-post-tax-term\">Del territorio<\/a>"],"unlinked":["<span class=\"advgb-post-tax-term\">Del territorio<\/span>"]}},"comment_count":"0","relative_dates":{"created":"Publicado 3 meses hace","modified":"Actualizado 3 meses hace"},"absolute_dates":{"created":"Publicado el enero 28, 2026","modified":"Actualizado el enero 30, 2026"},"absolute_dates_time":{"created":"Publicado el enero 28, 2026 1:18 pm","modified":"Actualizado el enero 30, 2026 2:13 pm"},"featured_img_caption":"","series_order":"","_links":{"self":[{"href":"https:\/\/portaldeyoung.uy\/index.php\/wp-json\/wp\/v2\/posts\/7841","targetHints":{"allow":["GET"]}}],"collection":[{"href":"https:\/\/portaldeyoung.uy\/index.php\/wp-json\/wp\/v2\/posts"}],"about":[{"href":"https:\/\/portaldeyoung.uy\/index.php\/wp-json\/wp\/v2\/types\/post"}],"author":[{"embeddable":true,"href":"https:\/\/portaldeyoung.uy\/index.php\/wp-json\/wp\/v2\/users\/1"}],"replies":[{"embeddable":true,"href":"https:\/\/portaldeyoung.uy\/index.php\/wp-json\/wp\/v2\/comments?post=7841"}],"version-history":[{"count":1,"href":"https:\/\/portaldeyoung.uy\/index.php\/wp-json\/wp\/v2\/posts\/7841\/revisions"}],"predecessor-version":[{"id":7843,"href":"https:\/\/portaldeyoung.uy\/index.php\/wp-json\/wp\/v2\/posts\/7841\/revisions\/7843"}],"wp:featuredmedia":[{"embeddable":true,"href":"https:\/\/portaldeyoung.uy\/index.php\/wp-json\/wp\/v2\/media\/7842"}],"wp:attachment":[{"href":"https:\/\/portaldeyoung.uy\/index.php\/wp-json\/wp\/v2\/media?parent=7841"}],"wp:term":[{"taxonomy":"category","embeddable":true,"href":"https:\/\/portaldeyoung.uy\/index.php\/wp-json\/wp\/v2\/categories?post=7841"},{"taxonomy":"post_tag","embeddable":true,"href":"https:\/\/portaldeyoung.uy\/index.php\/wp-json\/wp\/v2\/tags?post=7841"}],"curies":[{"name":"wp","href":"https:\/\/api.w.org\/{rel}","templated":true}]}}