{"id":7804,"date":"2026-01-27T14:11:13","date_gmt":"2026-01-27T14:11:13","guid":{"rendered":"https:\/\/portaldeyoung.uy\/?p=7804"},"modified":"2026-01-28T14:05:28","modified_gmt":"2026-01-28T14:05:28","slug":"respuesta-del-edil-milton-cardozo-a-pavloff-sobre-los-monotributistas","status":"publish","type":"post","link":"https:\/\/portaldeyoung.uy\/index.php\/2026\/01\/27\/respuesta-del-edil-milton-cardozo-a-pavloff-sobre-los-monotributistas\/","title":{"rendered":"Respuesta del Edil Milton Cardozo a Pavloff sobre los Monotributistas"},"content":{"rendered":"\n<p>A ra\u00edz de las declaraciones del edil del Partido Colorado, \u00c1ngel Pavloff, sobre la situaci\u00f3n de los monotributistas en la Intendencia de R\u00edo Negro, el edil del Movimiento de Participaci\u00f3n Popular (MPP), Milton Cardozo, respondi\u00f3 y se refiri\u00f3 al alcance de los contratos cuestionados y remarc\u00f3 que esto ya ven\u00eda de la administraci\u00f3n anterior.<\/p>\n\n\n\n<p>En declaraciones realizadas en el programa C\u00f3digo QR que conduce el Periodista Mart\u00edn Rost\u00e1n, Cardozo coincidi\u00f3 en que el esquema contractual observado implica una precarizaci\u00f3n del v\u00ednculo laboral, aunque sostuvo que se trata de un modelo heredado de la administraci\u00f3n anterior. \u201cEstoy totalmente de acuerdo con Pavloff en que lo que se estuvo firmando precariza la gesti\u00f3n laboral, y fue lo que hizo firmar la anterior administraci\u00f3n\u201d, expres\u00f3, al tiempo que reconoci\u00f3 que no haberlo advertido en el per\u00edodo previo implica un mea culpa.<\/p>\n\n\n\n<p>El edil se\u00f1al\u00f3 que el uso del monotributo es un recurso legal y que as\u00ed fue entendido por el gobierno departamental anterior, criterio que la actual administraci\u00f3n respeta. No obstante, remarc\u00f3 diferencias en la forma de instrumentarlo, destacando que en esta gesti\u00f3n los llamados son p\u00fablicos y se realizan por sorteo, con el objetivo de que todos los rionegrenses puedan participar en igualdad de condiciones.<\/p>\n\n\n\n<p>Cardozo agreg\u00f3 que, en el marco del actual proceso, se registrar\u00e1 una mejora cercana a los 6.000 pesos en los ingresos de los monotributistas y que se est\u00e1 analizando la posibilidad de otorgar un per\u00edodo de licencia. Asimismo, inform\u00f3 que se est\u00e1n definiendo los contratos definitivos, los cuales ser\u00e1n p\u00fablicos, y precis\u00f3 que son 198 los contratos previstos, manteni\u00e9ndose el n\u00famero existente, incluidos seis casos considerados de extrema vulnerabilidad.<\/p>\n\n\n\n<p>Finalmente, indic\u00f3 que la intenci\u00f3n del gobierno departamental es reducir el n\u00famero de monotributistas a mediano plazo y relativiz\u00f3 la pol\u00e9mica generada, al se\u00f1alar que la firma de un documento por parte de dos personas se debi\u00f3 a un error tras la filtraci\u00f3n demuestra que la Intendencia \u201cviene trabajando bien\u201d.<\/p>\n\n\n\n<p><em>*R\u00edo Negro Ahora<\/em><\/p>\n","protected":false},"excerpt":{"rendered":"<p>A ra\u00edz de las declaraciones del edil del Partido Colorado, \u00c1ngel Pavloff, sobre la situaci\u00f3n de los monotributistas en la Intendencia de R\u00edo Negro, el<\/p>\n","protected":false},"author":1,"featured_media":7805,"comment_status":"closed","ping_status":"open","sticky":false,"template":"","format":"standard","meta":{"advgb_blocks_editor_width":"","advgb_blocks_columns_visual_guide":"","footnotes":"","jetpack_publicize_message":"","jetpack_publicize_feature_enabled":true,"jetpack_social_post_already_shared":true,"jetpack_social_options":{"image_generator_settings":{"template":"highway","default_image_id":0,"font":"","enabled":false},"version":2}},"categories":[29],"tags":[],"class_list":["post-7804","post","type-post","status-publish","format-standard","has-post-thumbnail","hentry","category-del-territorio"],"author_meta":{"display_name":"Portal","author_link":"https:\/\/portaldeyoung.uy\/index.php\/author\/admin_port\/"},"featured_img":"https:\/\/portaldeyoung.uy\/wp-content\/uploads\/2026\/01\/Cardozo-300x266.png","jetpack_publicize_connections":[],"coauthors":[],"tax_additional":{"categories":{"linked":["<a href=\"https:\/\/portaldeyoung.uy\/index.php\/category\/del-territorio\/\" class=\"advgb-post-tax-term\">Del territorio<\/a>"],"unlinked":["<span class=\"advgb-post-tax-term\">Del territorio<\/span>"]}},"comment_count":"0","relative_dates":{"created":"Publicado 3 meses hace","modified":"Actualizado 3 meses hace"},"absolute_dates":{"created":"Publicado el enero 27, 2026","modified":"Actualizado el enero 28, 2026"},"absolute_dates_time":{"created":"Publicado el enero 27, 2026 2:11 pm","modified":"Actualizado el enero 28, 2026 2:05 pm"},"featured_img_caption":"","series_order":"","_links":{"self":[{"href":"https:\/\/portaldeyoung.uy\/index.php\/wp-json\/wp\/v2\/posts\/7804","targetHints":{"allow":["GET"]}}],"collection":[{"href":"https:\/\/portaldeyoung.uy\/index.php\/wp-json\/wp\/v2\/posts"}],"about":[{"href":"https:\/\/portaldeyoung.uy\/index.php\/wp-json\/wp\/v2\/types\/post"}],"author":[{"embeddable":true,"href":"https:\/\/portaldeyoung.uy\/index.php\/wp-json\/wp\/v2\/users\/1"}],"replies":[{"embeddable":true,"href":"https:\/\/portaldeyoung.uy\/index.php\/wp-json\/wp\/v2\/comments?post=7804"}],"version-history":[{"count":2,"href":"https:\/\/portaldeyoung.uy\/index.php\/wp-json\/wp\/v2\/posts\/7804\/revisions"}],"predecessor-version":[{"id":7807,"href":"https:\/\/portaldeyoung.uy\/index.php\/wp-json\/wp\/v2\/posts\/7804\/revisions\/7807"}],"wp:featuredmedia":[{"embeddable":true,"href":"https:\/\/portaldeyoung.uy\/index.php\/wp-json\/wp\/v2\/media\/7805"}],"wp:attachment":[{"href":"https:\/\/portaldeyoung.uy\/index.php\/wp-json\/wp\/v2\/media?parent=7804"}],"wp:term":[{"taxonomy":"category","embeddable":true,"href":"https:\/\/portaldeyoung.uy\/index.php\/wp-json\/wp\/v2\/categories?post=7804"},{"taxonomy":"post_tag","embeddable":true,"href":"https:\/\/portaldeyoung.uy\/index.php\/wp-json\/wp\/v2\/tags?post=7804"}],"curies":[{"name":"wp","href":"https:\/\/api.w.org\/{rel}","templated":true}]}}