{"id":7700,"date":"2026-01-23T12:09:35","date_gmt":"2026-01-23T12:09:35","guid":{"rendered":"https:\/\/portaldeyoung.uy\/?p=7700"},"modified":"2026-01-27T14:34:03","modified_gmt":"2026-01-27T14:34:03","slug":"cinco-personas-detenidas-en-fray-bentos-y-se-investiga-hurto-en-las-canas","status":"publish","type":"post","link":"https:\/\/portaldeyoung.uy\/index.php\/2026\/01\/23\/cinco-personas-detenidas-en-fray-bentos-y-se-investiga-hurto-en-las-canas\/","title":{"rendered":"Cinco personas detenidas en Fray Bentos y se investiga hurto en Las Ca\u00f1as"},"content":{"rendered":"\n<p>La Jefatura de Polic\u00eda de R\u00edo Negro inform\u00f3 sobre dos hechos ocurridos en la ciudad de Fray Bentos y en el balneario Las Ca\u00f1as, vinculados a actuaciones policiales en el marco de un operativo y a un delito contra la propiedad.<\/p>\n\n\n\n<p>En primer t\u00e9rmino, y de acuerdo a lo informado en la jornada anterior, se desarrollaron actuaciones en el marco de la <strong>\u201cOperaci\u00f3n Encandilado\u201d<\/strong>, que culminaron con la <strong>detenci\u00f3n de cinco personas<\/strong>, dos de ellas <strong>menores de edad<\/strong>. En la ma\u00f1ana de este jueves, los detenidos fueron conducidos al <strong>Juzgado Letrado de Fray Bentos<\/strong>, donde se realiz\u00f3 la audiencia de control correspondiente.<\/p>\n\n\n\n<p>Finalizada la instancia judicial, mediante <strong>Oficio N.\u00ba 53\/2026<\/strong>, se dispuso <strong>mantener la situaci\u00f3n de detenci\u00f3n<\/strong> de las personas identificadas por las iniciales <strong>R.E.P.B., T.V.P.B., D.A.A., L.G.D.L. y K.D.C.S.<\/strong> En el caso de los adolescentes involucrados, se resolvi\u00f3 que permanezcan <strong>bajo la tutela del INAU<\/strong>, con la debida custodia. Asimismo, se prorrog\u00f3 la audiencia y la detenci\u00f3n por el <strong>m\u00e1ximo plazo constitucional<\/strong>, quedando a la espera del se\u00f1alamiento que oportunamente se fijar\u00e1.<\/p>\n\n\n\n<p>Por otra parte, la Polic\u00eda dio cuenta de un <strong>hurto ocurrido en horas de la madrugada<\/strong> en la zona de la Rambla del <strong>balneario Las Ca\u00f1as<\/strong>, donde fue afectado uno de los comercios del lugar. Seg\u00fan se inform\u00f3, desconocidos sustrajeron <strong>botellas de refrescos y latas de cerveza<\/strong> desde heladeras vitrinas que se encontraban cubiertas con lonas y aseguradas con cadena. La p\u00e9rdida fue avaluada en <strong>3.000 pesos uruguayos<\/strong>.<\/p>\n\n\n\n<p>En relaci\u00f3n a este \u00faltimo hecho, se contin\u00faan realizando <strong>tareas investigativas<\/strong> con el objetivo de identificar y dar con los autores del hurto.<\/p>\n","protected":false},"excerpt":{"rendered":"<p>La Jefatura de Polic\u00eda de R\u00edo Negro inform\u00f3 sobre dos hechos ocurridos en la ciudad de Fray Bentos y en el balneario Las Ca\u00f1as, vinculados<\/p>\n","protected":false},"author":1,"featured_media":6862,"comment_status":"closed","ping_status":"open","sticky":false,"template":"","format":"standard","meta":{"advgb_blocks_editor_width":"","advgb_blocks_columns_visual_guide":"","footnotes":"","jetpack_publicize_message":"","jetpack_publicize_feature_enabled":true,"jetpack_social_post_already_shared":true,"jetpack_social_options":{"image_generator_settings":{"template":"highway","default_image_id":0,"font":"","enabled":false},"version":2}},"categories":[29],"tags":[],"class_list":["post-7700","post","type-post","status-publish","format-standard","has-post-thumbnail","hentry","category-del-territorio"],"author_meta":{"display_name":"Portal","author_link":"https:\/\/portaldeyoung.uy\/index.php\/author\/admin_port\/"},"featured_img":"https:\/\/portaldeyoung.uy\/wp-content\/uploads\/2025\/12\/Policia-cerrito-300x197.png","jetpack_publicize_connections":[],"coauthors":[],"tax_additional":{"categories":{"linked":["<a href=\"https:\/\/portaldeyoung.uy\/index.php\/category\/del-territorio\/\" class=\"advgb-post-tax-term\">Del territorio<\/a>"],"unlinked":["<span class=\"advgb-post-tax-term\">Del territorio<\/span>"]}},"comment_count":"0","relative_dates":{"created":"Publicado 3 meses hace","modified":"Actualizado 3 meses hace"},"absolute_dates":{"created":"Publicado el enero 23, 2026","modified":"Actualizado el enero 27, 2026"},"absolute_dates_time":{"created":"Publicado el enero 23, 2026 12:09 pm","modified":"Actualizado el enero 27, 2026 2:34 pm"},"featured_img_caption":"","series_order":"","_links":{"self":[{"href":"https:\/\/portaldeyoung.uy\/index.php\/wp-json\/wp\/v2\/posts\/7700","targetHints":{"allow":["GET"]}}],"collection":[{"href":"https:\/\/portaldeyoung.uy\/index.php\/wp-json\/wp\/v2\/posts"}],"about":[{"href":"https:\/\/portaldeyoung.uy\/index.php\/wp-json\/wp\/v2\/types\/post"}],"author":[{"embeddable":true,"href":"https:\/\/portaldeyoung.uy\/index.php\/wp-json\/wp\/v2\/users\/1"}],"replies":[{"embeddable":true,"href":"https:\/\/portaldeyoung.uy\/index.php\/wp-json\/wp\/v2\/comments?post=7700"}],"version-history":[{"count":1,"href":"https:\/\/portaldeyoung.uy\/index.php\/wp-json\/wp\/v2\/posts\/7700\/revisions"}],"predecessor-version":[{"id":7701,"href":"https:\/\/portaldeyoung.uy\/index.php\/wp-json\/wp\/v2\/posts\/7700\/revisions\/7701"}],"wp:featuredmedia":[{"embeddable":true,"href":"https:\/\/portaldeyoung.uy\/index.php\/wp-json\/wp\/v2\/media\/6862"}],"wp:attachment":[{"href":"https:\/\/portaldeyoung.uy\/index.php\/wp-json\/wp\/v2\/media?parent=7700"}],"wp:term":[{"taxonomy":"category","embeddable":true,"href":"https:\/\/portaldeyoung.uy\/index.php\/wp-json\/wp\/v2\/categories?post=7700"},{"taxonomy":"post_tag","embeddable":true,"href":"https:\/\/portaldeyoung.uy\/index.php\/wp-json\/wp\/v2\/tags?post=7700"}],"curies":[{"name":"wp","href":"https:\/\/api.w.org\/{rel}","templated":true}]}}