{"id":7692,"date":"2026-01-23T11:56:10","date_gmt":"2026-01-23T11:56:10","guid":{"rendered":"https:\/\/portaldeyoung.uy\/?p=7692"},"modified":"2026-01-23T11:56:12","modified_gmt":"2026-01-23T11:56:12","slug":"inumet-emitio-aviso-por-ola-de-calor-a-partir-del-domingo","status":"publish","type":"post","link":"https:\/\/portaldeyoung.uy\/index.php\/2026\/01\/23\/inumet-emitio-aviso-por-ola-de-calor-a-partir-del-domingo\/","title":{"rendered":"Inumet emiti\u00f3 aviso por ola de calor a partir del domingo"},"content":{"rendered":"\n<p>Para casi todo el pa\u00eds.<\/p>\n\n\n\n<p>El Instituto Uruguayo de Meteorolog\u00eda (Inumet) emiti\u00f3 un aviso por una ola de calor que se espera que comience el domingo 25. Seg\u00fan el organismo, una masa de aire c\u00e1lida afectar\u00e1 al pa\u00eds y generar\u00e1 temperaturas extremas en gran parte del territorio nacional.<\/p>\n\n\n\n<p>En la zona sur, se prev\u00e9n temperaturas m\u00e1ximas de entre 33 y 35 \u00b0C, mientras que en la zona norte las m\u00e1ximas superar\u00e1n los 35 \u00b0C. Las temperaturas m\u00ednimas ser\u00e1n iguales o superiores a los 21\/22 \u00b0C en todo el pa\u00eds.<\/p>\n\n\n\n<p>En la faja costera atl\u00e1ntica, debido al efecto de la brisa marina, no se alcanzar\u00e1n las temperaturas extremas previstas para otras regiones.<\/p>\n\n\n\n<p>El aviso rige para los siguientes departamentos y localidades:<\/p>\n\n\n\n<p>Artigas: todo el departamento<\/p>\n\n\n\n<p>Canelones: todo el departamento<\/p>\n\n\n\n<p>Cerro Largo: todo el departamento<\/p>\n\n\n\n<p>Colonia: todo el departamento<\/p>\n\n\n\n<p>Durazno: todo el departamento<\/p>\n\n\n\n<p>Flores: todo el departamento<\/p>\n\n\n\n<p>Florida: todo el departamento<\/p>\n\n\n\n<p>Lavalleja: todo el departamento<\/p>\n\n\n\n<p>Maldonado: Aigu\u00e1, Bella Vista, Cerros Azules, El Ed\u00e9n, Gerona, Gregorio Azn\u00e1rez, Las Flores, Los Talas, Nueva Carrara, Pan de Az\u00facar, Piri\u00e1polis, Playa Grande, Playa Hermosa, Playa Verde, Pueblo Sol\u00eds, Punta Colorada, Punta Negra y Sauce de Portezuelo<\/p>\n\n\n\n<p>Montevideo: todo el departamento<\/p>\n\n\n\n<p>Paysand\u00fa: todo el departamento<\/p>\n\n\n\n<p>R\u00edo Negro: todo el departamento<\/p>\n\n\n\n<p>Rivera: todo el departamento<\/p>\n\n\n\n<p>Rocha: Cebollat\u00ed, La Coronilla, Lascano, San Luis al Medio y Vel\u00e1zquez<\/p>\n\n\n\n<p>Salto: todo el departamento<\/p>\n\n\n\n<p>San Jos\u00e9: todo el departamento<\/p>\n\n\n\n<p>Soriano: todo el departamento<\/p>\n\n\n\n<p>Tacuaremb\u00f3: todo el departamento.<\/p>\n","protected":false},"excerpt":{"rendered":"<p>Para casi todo el pa\u00eds. El Instituto Uruguayo de Meteorolog\u00eda (Inumet) emiti\u00f3 un aviso por una ola de calor que se espera que comience el<\/p>\n","protected":false},"author":1,"featured_media":6074,"comment_status":"closed","ping_status":"open","sticky":false,"template":"","format":"standard","meta":{"advgb_blocks_editor_width":"","advgb_blocks_columns_visual_guide":"","footnotes":"","jetpack_publicize_message":"","jetpack_publicize_feature_enabled":true,"jetpack_social_post_already_shared":true,"jetpack_social_options":{"image_generator_settings":{"template":"highway","default_image_id":0,"font":"","enabled":false},"version":2}},"categories":[7],"tags":[],"class_list":["post-7692","post","type-post","status-publish","format-standard","has-post-thumbnail","hentry","category-del-pais"],"author_meta":{"display_name":"Portal","author_link":"https:\/\/portaldeyoung.uy\/index.php\/author\/admin_port\/"},"featured_img":"https:\/\/portaldeyoung.uy\/wp-content\/uploads\/2025\/11\/ola-de-calor-300x159.png","jetpack_publicize_connections":[],"coauthors":[],"tax_additional":{"categories":{"linked":["<a href=\"https:\/\/portaldeyoung.uy\/index.php\/category\/del-pais\/\" class=\"advgb-post-tax-term\">Del pa\u00eds<\/a>"],"unlinked":["<span class=\"advgb-post-tax-term\">Del pa\u00eds<\/span>"]}},"comment_count":"0","relative_dates":{"created":"Publicado 3 meses hace","modified":"Actualizado 3 meses hace"},"absolute_dates":{"created":"Publicado el enero 23, 2026","modified":"Actualizado el enero 23, 2026"},"absolute_dates_time":{"created":"Publicado el enero 23, 2026 11:56 am","modified":"Actualizado el enero 23, 2026 11:56 am"},"featured_img_caption":"","series_order":"","_links":{"self":[{"href":"https:\/\/portaldeyoung.uy\/index.php\/wp-json\/wp\/v2\/posts\/7692","targetHints":{"allow":["GET"]}}],"collection":[{"href":"https:\/\/portaldeyoung.uy\/index.php\/wp-json\/wp\/v2\/posts"}],"about":[{"href":"https:\/\/portaldeyoung.uy\/index.php\/wp-json\/wp\/v2\/types\/post"}],"author":[{"embeddable":true,"href":"https:\/\/portaldeyoung.uy\/index.php\/wp-json\/wp\/v2\/users\/1"}],"replies":[{"embeddable":true,"href":"https:\/\/portaldeyoung.uy\/index.php\/wp-json\/wp\/v2\/comments?post=7692"}],"version-history":[{"count":1,"href":"https:\/\/portaldeyoung.uy\/index.php\/wp-json\/wp\/v2\/posts\/7692\/revisions"}],"predecessor-version":[{"id":7693,"href":"https:\/\/portaldeyoung.uy\/index.php\/wp-json\/wp\/v2\/posts\/7692\/revisions\/7693"}],"wp:featuredmedia":[{"embeddable":true,"href":"https:\/\/portaldeyoung.uy\/index.php\/wp-json\/wp\/v2\/media\/6074"}],"wp:attachment":[{"href":"https:\/\/portaldeyoung.uy\/index.php\/wp-json\/wp\/v2\/media?parent=7692"}],"wp:term":[{"taxonomy":"category","embeddable":true,"href":"https:\/\/portaldeyoung.uy\/index.php\/wp-json\/wp\/v2\/categories?post=7692"},{"taxonomy":"post_tag","embeddable":true,"href":"https:\/\/portaldeyoung.uy\/index.php\/wp-json\/wp\/v2\/tags?post=7692"}],"curies":[{"name":"wp","href":"https:\/\/api.w.org\/{rel}","templated":true}]}}