{"id":7682,"date":"2026-01-22T16:47:56","date_gmt":"2026-01-22T16:47:56","guid":{"rendered":"https:\/\/portaldeyoung.uy\/?p=7682"},"modified":"2026-01-26T13:10:49","modified_gmt":"2026-01-26T13:10:49","slug":"nuevo-herido-de-arma-de-fuego-en-young","status":"publish","type":"post","link":"https:\/\/portaldeyoung.uy\/index.php\/2026\/01\/22\/nuevo-herido-de-arma-de-fuego-en-young\/","title":{"rendered":"Nuevo herido de arma de fuego en Young"},"content":{"rendered":"\n<p>Un nuevo hecho de violencia con armas de fuego se registr\u00f3 en la ciudad de Young durante la madrugada del jueves 22 de enero de 2026, seg\u00fan informaci\u00f3n proporcionada por Jefatura de Polic\u00eda de R\u00edo Negro.<\/p>\n\n\n\n<p>En horas de la madrugada, personal policial recibi\u00f3 un llamado solicitando la presencia de efectivos ante la denuncia de disparos de arma de fuego. De forma inmediata concurrieron funcionarios de Seccional Sexta y de la Unidad de Respuesta Policial II (URP II) a las inmediaciones del lugar donde se habr\u00edan producido las detonaciones.<\/p>\n\n\n\n<p>El hecho ocurri\u00f3 en un espacio p\u00fablico donde se estaba desarrollando una \u201colla popular\u201d. En el lugar fueron identificados cinco hombres, varios de ellos con antecedentes penales, constat\u00e1ndose que uno presentaba una herida de arma de fuego.<\/p>\n\n\n\n<p>De acuerdo a lo manifestado por los presentes, momentos antes se habr\u00edan acercado varios desconocidos, quienes efectuaron disparos, resultando herido un masculino identificado con las iniciales N.N.S.S. El lesionado presentaba un orificio de entrada en la cara externa de la rodilla del miembro inferior derecho, por lo que fue trasladado de inmediato al nosocomio local para recibir asistencia m\u00e9dica.<\/p>\n\n\n\n<p>Personal policial realiz\u00f3 relevamientos y diversas averiguaciones en la zona, continuando las actuaciones con el objetivo de esclarecer lo sucedido y dar con los responsables del hecho.<\/p>\n","protected":false},"excerpt":{"rendered":"<p>Un nuevo hecho de violencia con armas de fuego se registr\u00f3 en la ciudad de Young durante la madrugada del jueves 22 de enero de<\/p>\n","protected":false},"author":1,"featured_media":4214,"comment_status":"closed","ping_status":"open","sticky":false,"template":"","format":"standard","meta":{"advgb_blocks_editor_width":"","advgb_blocks_columns_visual_guide":"","footnotes":"","jetpack_publicize_message":"","jetpack_publicize_feature_enabled":true,"jetpack_social_post_already_shared":true,"jetpack_social_options":{"image_generator_settings":{"template":"highway","default_image_id":0,"font":"","enabled":false},"version":2}},"categories":[28],"tags":[],"class_list":["post-7682","post","type-post","status-publish","format-standard","has-post-thumbnail","hentry","category-de-la-ciudad"],"author_meta":{"display_name":"Portal","author_link":"https:\/\/portaldeyoung.uy\/index.php\/author\/admin_port\/"},"featured_img":"https:\/\/portaldeyoung.uy\/wp-content\/uploads\/2025\/10\/Policia-movil-300x162.png","jetpack_publicize_connections":[],"coauthors":[],"tax_additional":{"categories":{"linked":["<a href=\"https:\/\/portaldeyoung.uy\/index.php\/category\/de-la-ciudad\/\" class=\"advgb-post-tax-term\">De la ciudad<\/a>"],"unlinked":["<span class=\"advgb-post-tax-term\">De la ciudad<\/span>"]}},"comment_count":"0","relative_dates":{"created":"Publicado 3 meses hace","modified":"Actualizado 3 meses hace"},"absolute_dates":{"created":"Publicado el enero 22, 2026","modified":"Actualizado el enero 26, 2026"},"absolute_dates_time":{"created":"Publicado el enero 22, 2026 4:47 pm","modified":"Actualizado el enero 26, 2026 1:10 pm"},"featured_img_caption":"","series_order":"","_links":{"self":[{"href":"https:\/\/portaldeyoung.uy\/index.php\/wp-json\/wp\/v2\/posts\/7682","targetHints":{"allow":["GET"]}}],"collection":[{"href":"https:\/\/portaldeyoung.uy\/index.php\/wp-json\/wp\/v2\/posts"}],"about":[{"href":"https:\/\/portaldeyoung.uy\/index.php\/wp-json\/wp\/v2\/types\/post"}],"author":[{"embeddable":true,"href":"https:\/\/portaldeyoung.uy\/index.php\/wp-json\/wp\/v2\/users\/1"}],"replies":[{"embeddable":true,"href":"https:\/\/portaldeyoung.uy\/index.php\/wp-json\/wp\/v2\/comments?post=7682"}],"version-history":[{"count":2,"href":"https:\/\/portaldeyoung.uy\/index.php\/wp-json\/wp\/v2\/posts\/7682\/revisions"}],"predecessor-version":[{"id":7687,"href":"https:\/\/portaldeyoung.uy\/index.php\/wp-json\/wp\/v2\/posts\/7682\/revisions\/7687"}],"wp:featuredmedia":[{"embeddable":true,"href":"https:\/\/portaldeyoung.uy\/index.php\/wp-json\/wp\/v2\/media\/4214"}],"wp:attachment":[{"href":"https:\/\/portaldeyoung.uy\/index.php\/wp-json\/wp\/v2\/media?parent=7682"}],"wp:term":[{"taxonomy":"category","embeddable":true,"href":"https:\/\/portaldeyoung.uy\/index.php\/wp-json\/wp\/v2\/categories?post=7682"},{"taxonomy":"post_tag","embeddable":true,"href":"https:\/\/portaldeyoung.uy\/index.php\/wp-json\/wp\/v2\/tags?post=7682"}],"curies":[{"name":"wp","href":"https:\/\/api.w.org\/{rel}","templated":true}]}}