{"id":7632,"date":"2026-01-21T12:55:41","date_gmt":"2026-01-21T12:55:41","guid":{"rendered":"https:\/\/portaldeyoung.uy\/?p=7632"},"modified":"2026-01-23T20:21:02","modified_gmt":"2026-01-23T20:21:02","slug":"se-solicita-circular-con-precaucion-cerca-del-vertedero-de-nuestra-ciudad","status":"publish","type":"post","link":"https:\/\/portaldeyoung.uy\/index.php\/2026\/01\/21\/se-solicita-circular-con-precaucion-cerca-del-vertedero-de-nuestra-ciudad\/","title":{"rendered":"Se solicita circular con precauci\u00f3n cerca del vertedero de nuestra ciudad"},"content":{"rendered":"\n<p>En base a la informaci\u00f3n consignada en el afiche difundido por el Municipio de Young y la Intendencia de R\u00edo Negro, se advierte a la poblaci\u00f3n que <strong>en los pr\u00f3ximos d\u00edas se registrar\u00e1 una reducci\u00f3n de la visibilidad en la zona del vertedero municipal<\/strong>, como consecuencia de la <strong>presencia de humo<\/strong>.<\/p>\n\n\n\n<p>Ante esta situaci\u00f3n, las autoridades recomiendan <strong>extremar las precauciones al circular por el \u00e1rea<\/strong>, especialmente para quienes transitan en veh\u00edculos. Entre las principales medidas preventivas se solicita <strong>reducir la velocidad<\/strong>, <strong>mantener una distancia prudente con otros veh\u00edculos<\/strong> y <strong>conducir con especial atenci\u00f3n<\/strong> para evitar siniestros de tr\u00e1nsito.<\/p>\n\n\n\n<p>Desde los organismos involucrados se apela a la <strong>colaboraci\u00f3n de la comunidad<\/strong>, remarcando que el cumplimiento de estas recomendaciones resulta fundamental para <strong>garantizar la seguridad de todos los usuarios de la v\u00eda p\u00fablica<\/strong>.<\/p>\n\n\n\n<p>El comunicado lleva fecha <strong>18 de enero de 2026<\/strong> y forma parte de las acciones preventivas que se vienen impulsando ante las condiciones generadas en el entorno del vertedero municipal.<\/p>\n","protected":false},"excerpt":{"rendered":"<p>En base a la informaci\u00f3n consignada en el afiche difundido por el Municipio de Young y la Intendencia de R\u00edo Negro, se advierte a la<\/p>\n","protected":false},"author":1,"featured_media":6174,"comment_status":"closed","ping_status":"open","sticky":false,"template":"","format":"standard","meta":{"advgb_blocks_editor_width":"","advgb_blocks_columns_visual_guide":"","footnotes":"","jetpack_publicize_message":"","jetpack_publicize_feature_enabled":true,"jetpack_social_post_already_shared":true,"jetpack_social_options":{"image_generator_settings":{"template":"highway","default_image_id":0,"font":"","enabled":false},"version":2}},"categories":[28],"tags":[],"class_list":["post-7632","post","type-post","status-publish","format-standard","has-post-thumbnail","hentry","category-de-la-ciudad"],"author_meta":{"display_name":"Portal","author_link":"https:\/\/portaldeyoung.uy\/index.php\/author\/admin_port\/"},"featured_img":"https:\/\/portaldeyoung.uy\/wp-content\/uploads\/2025\/11\/incendio-vertedero-300x171.png","jetpack_publicize_connections":[],"coauthors":[],"tax_additional":{"categories":{"linked":["<a href=\"https:\/\/portaldeyoung.uy\/index.php\/category\/de-la-ciudad\/\" class=\"advgb-post-tax-term\">De la ciudad<\/a>"],"unlinked":["<span class=\"advgb-post-tax-term\">De la ciudad<\/span>"]}},"comment_count":"0","relative_dates":{"created":"Publicado 3 meses hace","modified":"Actualizado 3 meses hace"},"absolute_dates":{"created":"Publicado el enero 21, 2026","modified":"Actualizado el enero 23, 2026"},"absolute_dates_time":{"created":"Publicado el enero 21, 2026 12:55 pm","modified":"Actualizado el enero 23, 2026 8:21 pm"},"featured_img_caption":"","series_order":"","_links":{"self":[{"href":"https:\/\/portaldeyoung.uy\/index.php\/wp-json\/wp\/v2\/posts\/7632","targetHints":{"allow":["GET"]}}],"collection":[{"href":"https:\/\/portaldeyoung.uy\/index.php\/wp-json\/wp\/v2\/posts"}],"about":[{"href":"https:\/\/portaldeyoung.uy\/index.php\/wp-json\/wp\/v2\/types\/post"}],"author":[{"embeddable":true,"href":"https:\/\/portaldeyoung.uy\/index.php\/wp-json\/wp\/v2\/users\/1"}],"replies":[{"embeddable":true,"href":"https:\/\/portaldeyoung.uy\/index.php\/wp-json\/wp\/v2\/comments?post=7632"}],"version-history":[{"count":1,"href":"https:\/\/portaldeyoung.uy\/index.php\/wp-json\/wp\/v2\/posts\/7632\/revisions"}],"predecessor-version":[{"id":7633,"href":"https:\/\/portaldeyoung.uy\/index.php\/wp-json\/wp\/v2\/posts\/7632\/revisions\/7633"}],"wp:featuredmedia":[{"embeddable":true,"href":"https:\/\/portaldeyoung.uy\/index.php\/wp-json\/wp\/v2\/media\/6174"}],"wp:attachment":[{"href":"https:\/\/portaldeyoung.uy\/index.php\/wp-json\/wp\/v2\/media?parent=7632"}],"wp:term":[{"taxonomy":"category","embeddable":true,"href":"https:\/\/portaldeyoung.uy\/index.php\/wp-json\/wp\/v2\/categories?post=7632"},{"taxonomy":"post_tag","embeddable":true,"href":"https:\/\/portaldeyoung.uy\/index.php\/wp-json\/wp\/v2\/tags?post=7632"}],"curies":[{"name":"wp","href":"https:\/\/api.w.org\/{rel}","templated":true}]}}