{"id":7621,"date":"2026-01-21T12:19:55","date_gmt":"2026-01-21T12:19:55","guid":{"rendered":"https:\/\/portaldeyoung.uy\/?p=7621"},"modified":"2026-01-22T11:23:49","modified_gmt":"2026-01-22T11:23:49","slug":"dos-hechos-policiales-registrados-en-pueblo-grecco","status":"publish","type":"post","link":"https:\/\/portaldeyoung.uy\/index.php\/2026\/01\/21\/dos-hechos-policiales-registrados-en-pueblo-grecco\/","title":{"rendered":"Dos hechos policiales registrados en Pueblo Grecco"},"content":{"rendered":"\n<p>La Jefatura de Polic\u00eda de R\u00edo Negro inform\u00f3 sobre dos actuaciones policiales llevadas adelante en las \u00faltimas horas en la localidad de Pueblo Grecco, vinculadas a un hurto y a un siniestro \u00edgneo, ambos sin personas lesionadas.<\/p>\n\n\n\n<p>En primer t\u00e9rmino, en Seccional D\u00e9cima de Pueblo Grecco se present\u00f3 un vecino en calidad de supervisor de una empresa forestal, quien radic\u00f3 denuncia por un hurto ocurrido en el interior de un predio. Seg\u00fan lo manifestado, al concurrir a un dep\u00f3sito de la empresa constat\u00f3 que una de las ventanas se encontraba forzada. Al ingresar al lugar, not\u00f3 la faltante de aproximadamente 25 metros de cableado de la instalaci\u00f3n el\u00e9ctrica, as\u00ed como tambi\u00e9n de un pararrayos completo con su correspondiente cable de cobre de unos 27 metros, que se encontraba colocado en el techo del dep\u00f3sito.<\/p>\n\n\n\n<p>El local afectado est\u00e1 ubicado a unos 100 metros de la ruta 20, a la altura del kil\u00f3metro 107. El denunciante avalu\u00f3 lo sustra\u00eddo en la suma de 10.000 pesos uruguayos. Personal policial se encuentra realizando averiguaciones para el esclarecimiento del hecho.<\/p>\n\n\n\n<p>Por otra parte, se recibi\u00f3 un llamado al servicio de emergencias 911 alertando sobre un incendio en cercan\u00edas del vertedero municipal de Pueblo Grecco. Al arribar al lugar, efectivos policiales constataron la existencia de un foco \u00edgneo en un campo, el cual estaba siendo combatido inicialmente por vecinos de la zona. Posteriormente se solicit\u00f3 la presencia de personal del Destacamento de Bomberos, quienes lograron sofocar y enfriar el \u00e1rea afectada.<\/p>\n\n\n\n<p>El siniestro se registr\u00f3 en la jornada del lunes, pr\u00f3ximo a las 20:00 horas, y afect\u00f3 una superficie aproximada de una hect\u00e1rea. No se reportaron personas lesionadas.<\/p>\n","protected":false},"excerpt":{"rendered":"<p>La Jefatura de Polic\u00eda de R\u00edo Negro inform\u00f3 sobre dos actuaciones policiales llevadas adelante en las \u00faltimas horas en la localidad de Pueblo Grecco, vinculadas<\/p>\n","protected":false},"author":1,"featured_media":7443,"comment_status":"closed","ping_status":"open","sticky":false,"template":"","format":"standard","meta":{"advgb_blocks_editor_width":"","advgb_blocks_columns_visual_guide":"","footnotes":"","jetpack_publicize_message":"","jetpack_publicize_feature_enabled":true,"jetpack_social_post_already_shared":true,"jetpack_social_options":{"image_generator_settings":{"template":"highway","default_image_id":0,"font":"","enabled":false},"version":2}},"categories":[29],"tags":[],"class_list":["post-7621","post","type-post","status-publish","format-standard","has-post-thumbnail","hentry","category-del-territorio"],"author_meta":{"display_name":"Portal","author_link":"https:\/\/portaldeyoung.uy\/index.php\/author\/admin_port\/"},"featured_img":"https:\/\/portaldeyoung.uy\/wp-content\/uploads\/2026\/01\/policia-patrullero-300x196.jpg","jetpack_publicize_connections":[],"coauthors":[],"tax_additional":{"categories":{"linked":["<a href=\"https:\/\/portaldeyoung.uy\/index.php\/category\/del-territorio\/\" class=\"advgb-post-tax-term\">Del territorio<\/a>"],"unlinked":["<span class=\"advgb-post-tax-term\">Del territorio<\/span>"]}},"comment_count":"0","relative_dates":{"created":"Publicado 3 meses hace","modified":"Actualizado 3 meses hace"},"absolute_dates":{"created":"Publicado el enero 21, 2026","modified":"Actualizado el enero 22, 2026"},"absolute_dates_time":{"created":"Publicado el enero 21, 2026 12:19 pm","modified":"Actualizado el enero 22, 2026 11:23 am"},"featured_img_caption":"","series_order":"","_links":{"self":[{"href":"https:\/\/portaldeyoung.uy\/index.php\/wp-json\/wp\/v2\/posts\/7621","targetHints":{"allow":["GET"]}}],"collection":[{"href":"https:\/\/portaldeyoung.uy\/index.php\/wp-json\/wp\/v2\/posts"}],"about":[{"href":"https:\/\/portaldeyoung.uy\/index.php\/wp-json\/wp\/v2\/types\/post"}],"author":[{"embeddable":true,"href":"https:\/\/portaldeyoung.uy\/index.php\/wp-json\/wp\/v2\/users\/1"}],"replies":[{"embeddable":true,"href":"https:\/\/portaldeyoung.uy\/index.php\/wp-json\/wp\/v2\/comments?post=7621"}],"version-history":[{"count":1,"href":"https:\/\/portaldeyoung.uy\/index.php\/wp-json\/wp\/v2\/posts\/7621\/revisions"}],"predecessor-version":[{"id":7622,"href":"https:\/\/portaldeyoung.uy\/index.php\/wp-json\/wp\/v2\/posts\/7621\/revisions\/7622"}],"wp:featuredmedia":[{"embeddable":true,"href":"https:\/\/portaldeyoung.uy\/index.php\/wp-json\/wp\/v2\/media\/7443"}],"wp:attachment":[{"href":"https:\/\/portaldeyoung.uy\/index.php\/wp-json\/wp\/v2\/media?parent=7621"}],"wp:term":[{"taxonomy":"category","embeddable":true,"href":"https:\/\/portaldeyoung.uy\/index.php\/wp-json\/wp\/v2\/categories?post=7621"},{"taxonomy":"post_tag","embeddable":true,"href":"https:\/\/portaldeyoung.uy\/index.php\/wp-json\/wp\/v2\/tags?post=7621"}],"curies":[{"name":"wp","href":"https:\/\/api.w.org\/{rel}","templated":true}]}}