{"id":7610,"date":"2026-01-21T12:01:32","date_gmt":"2026-01-21T12:01:32","guid":{"rendered":"https:\/\/portaldeyoung.uy\/?p=7610"},"modified":"2026-01-21T12:01:56","modified_gmt":"2026-01-21T12:01:56","slug":"murio-un-hombre-atropellado-por-el-tren-en-florida-cuando-cruzaba-la-via-en-moto-con-la-barrera-baja","status":"publish","type":"post","link":"https:\/\/portaldeyoung.uy\/index.php\/2026\/01\/21\/murio-un-hombre-atropellado-por-el-tren-en-florida-cuando-cruzaba-la-via-en-moto-con-la-barrera-baja\/","title":{"rendered":"Muri\u00f3 un hombre atropellado por el tren en Florida cuando cruzaba la v\u00eda en moto con la barrera baja"},"content":{"rendered":"\n<p>El accidente ferroviario ocurri\u00f3 en la pasada medianoche. Seg\u00fan la informaci\u00f3n primaria, el hombre cruz\u00f3 en moto con la barrera baja, las luces encendidas y las se\u00f1ales sonoros activas en aviso de que pasaba el tren.<\/p>\n\n\n\n<p>Un <strong>hombre<\/strong> muri\u00f3 atropellado por el <strong>tren<\/strong> en <strong>Florida<\/strong> cuando cruzaba la v\u00eda en <strong>moto<\/strong> con la barrera baja, las luces de alerta encendidas y las se\u00f1ales sonoras activas, de acuerdo al informe primario que obtuvo en el lugar el corresponsal de Subrayado Emilio Rodr\u00edguez.<\/p>\n\n\n\n<p>El tren se desplazaba de sur a norte con 26 vagones vac\u00edos.<\/p>\n\n\n\n<p>Ocurri\u00f3 en la pasada medianoche, a las 00:25 aproximadamente, en el cruce de la calle Florencio S\u00e1nchez y la v\u00eda, a pocos metros de la vieja estaci\u00f3n de AFE, detalla el corresponsal de <em>Subrayado.<\/em><\/p>\n\n\n\n<p>Polic\u00edas, bomberos y m\u00e9dicos trabajaron en el lugar hasta la madrugada de este mi\u00e9rcoles.<\/p>\n\n\n\n<p><strong>Comunicado oficial<\/strong><\/p>\n\n\n\n<p>El Ministerio de Transporte y Obras P\u00fablicas envi\u00f3 un comunicado este mi\u00e9rcoles a primera hora de la ma\u00f1ana en el que \u201clamenta informar el fallecimiento de una persona en un accidente ferroviario\u201d.<\/p>\n\n\n\n<p>\u201cEl accidente fatal ocurri\u00f3 sobre las 00:25 horas, en el cruce a nivel de la calle Florencio S\u00e1nchez, ciudad de Florida, donde una persona en moto cruz\u00f3 delante de la unidad de transporte ferroviario\u201d, dice el comunicado.<\/p>\n\n\n\n<p>Y agrega: \u201cEn el paso a nivel funcionaban correctamente la se\u00f1al fonoluminosa y las barreras estaban activas. Los equipos de seguridad y autoridades realizan ahora las investigaciones correspondientes\u201d.<\/p>\n\n\n\n<p>\u201cEl MTOP transmite sus condolencias a la familia y amigos\u201d, finaliza el comunicado.<\/p>\n","protected":false},"excerpt":{"rendered":"<p>El accidente ferroviario ocurri\u00f3 en la pasada medianoche. Seg\u00fan la informaci\u00f3n primaria, el hombre cruz\u00f3 en moto con la barrera baja, las luces encendidas y<\/p>\n","protected":false},"author":1,"featured_media":7611,"comment_status":"closed","ping_status":"open","sticky":false,"template":"","format":"standard","meta":{"advgb_blocks_editor_width":"","advgb_blocks_columns_visual_guide":"","footnotes":"","jetpack_publicize_message":"","jetpack_publicize_feature_enabled":true,"jetpack_social_post_already_shared":true,"jetpack_social_options":{"image_generator_settings":{"template":"highway","default_image_id":0,"font":"","enabled":false},"version":2}},"categories":[7],"tags":[],"class_list":["post-7610","post","type-post","status-publish","format-standard","has-post-thumbnail","hentry","category-del-pais"],"author_meta":{"display_name":"Portal","author_link":"https:\/\/portaldeyoung.uy\/index.php\/author\/admin_port\/"},"featured_img":"https:\/\/portaldeyoung.uy\/wp-content\/uploads\/2026\/01\/Muerte-paso-nivel-300x199.png","jetpack_publicize_connections":[],"coauthors":[],"tax_additional":{"categories":{"linked":["<a href=\"https:\/\/portaldeyoung.uy\/index.php\/category\/del-pais\/\" class=\"advgb-post-tax-term\">Del pa\u00eds<\/a>"],"unlinked":["<span class=\"advgb-post-tax-term\">Del pa\u00eds<\/span>"]}},"comment_count":"0","relative_dates":{"created":"Publicado 3 meses hace","modified":"Actualizado 3 meses hace"},"absolute_dates":{"created":"Publicado el enero 21, 2026","modified":"Actualizado el enero 21, 2026"},"absolute_dates_time":{"created":"Publicado el enero 21, 2026 12:01 pm","modified":"Actualizado el enero 21, 2026 12:01 pm"},"featured_img_caption":"","series_order":"","_links":{"self":[{"href":"https:\/\/portaldeyoung.uy\/index.php\/wp-json\/wp\/v2\/posts\/7610","targetHints":{"allow":["GET"]}}],"collection":[{"href":"https:\/\/portaldeyoung.uy\/index.php\/wp-json\/wp\/v2\/posts"}],"about":[{"href":"https:\/\/portaldeyoung.uy\/index.php\/wp-json\/wp\/v2\/types\/post"}],"author":[{"embeddable":true,"href":"https:\/\/portaldeyoung.uy\/index.php\/wp-json\/wp\/v2\/users\/1"}],"replies":[{"embeddable":true,"href":"https:\/\/portaldeyoung.uy\/index.php\/wp-json\/wp\/v2\/comments?post=7610"}],"version-history":[{"count":1,"href":"https:\/\/portaldeyoung.uy\/index.php\/wp-json\/wp\/v2\/posts\/7610\/revisions"}],"predecessor-version":[{"id":7612,"href":"https:\/\/portaldeyoung.uy\/index.php\/wp-json\/wp\/v2\/posts\/7610\/revisions\/7612"}],"wp:featuredmedia":[{"embeddable":true,"href":"https:\/\/portaldeyoung.uy\/index.php\/wp-json\/wp\/v2\/media\/7611"}],"wp:attachment":[{"href":"https:\/\/portaldeyoung.uy\/index.php\/wp-json\/wp\/v2\/media?parent=7610"}],"wp:term":[{"taxonomy":"category","embeddable":true,"href":"https:\/\/portaldeyoung.uy\/index.php\/wp-json\/wp\/v2\/categories?post=7610"},{"taxonomy":"post_tag","embeddable":true,"href":"https:\/\/portaldeyoung.uy\/index.php\/wp-json\/wp\/v2\/tags?post=7610"}],"curies":[{"name":"wp","href":"https:\/\/api.w.org\/{rel}","templated":true}]}}