{"id":7557,"date":"2026-01-19T18:36:47","date_gmt":"2026-01-19T18:36:47","guid":{"rendered":"https:\/\/portaldeyoung.uy\/?p=7557"},"modified":"2026-01-20T18:52:13","modified_gmt":"2026-01-20T18:52:13","slug":"alerta-por-riesgo-muy-alto-de-incendios-forestales-en-rio-negro","status":"publish","type":"post","link":"https:\/\/portaldeyoung.uy\/index.php\/2026\/01\/19\/alerta-por-riesgo-muy-alto-de-incendios-forestales-en-rio-negro\/","title":{"rendered":"Alerta por riesgo muy alto de incendios forestales en R\u00edo Negro"},"content":{"rendered":"\n<p>Ante el aviso emitido por el Sistema Nacional de Emergencias (SINAE), el departamento de R\u00edo Negro se encuentra bajo alerta muy alta por riesgo de incendios forestales.<\/p>\n\n\n\n<p>Desde el CECOED R\u00edo Negro se exhorta a la poblaci\u00f3n a extremar los cuidados, evitar pr\u00e1cticas de riesgo y no encender fuego en lugares no habilitados, a fin de prevenir situaciones que puedan derivar en emergencias.<\/p>\n\n\n\n<p>La Intendencia de R\u00edo Negro solicita la colaboraci\u00f3n de la comunidad para reducir el riesgo y proteger a las personas, los bienes y el ambiente.<\/p>\n\n\n\n<figure class=\"wp-block-image size-large\"><img loading=\"lazy\" decoding=\"async\" width=\"819\" height=\"1024\" src=\"https:\/\/portaldeyoung.uy\/wp-content\/uploads\/2026\/01\/imagen-1-819x1024.png\" alt=\"\" class=\"wp-image-7558\" srcset=\"https:\/\/portaldeyoung.uy\/wp-content\/uploads\/2026\/01\/imagen-1-819x1024.png 819w, https:\/\/portaldeyoung.uy\/wp-content\/uploads\/2026\/01\/imagen-1-240x300.png 240w, https:\/\/portaldeyoung.uy\/wp-content\/uploads\/2026\/01\/imagen-1-768x961.png 768w, https:\/\/portaldeyoung.uy\/wp-content\/uploads\/2026\/01\/imagen-1-1228x1536.png 1228w, https:\/\/portaldeyoung.uy\/wp-content\/uploads\/2026\/01\/imagen-1.png 1279w\" sizes=\"auto, (max-width: 819px) 100vw, 819px\" \/><\/figure>\n","protected":false},"excerpt":{"rendered":"<p>Ante el aviso emitido por el Sistema Nacional de Emergencias (SINAE), el departamento de R\u00edo Negro se encuentra bajo alerta muy alta por riesgo de<\/p>\n","protected":false},"author":1,"featured_media":7239,"comment_status":"closed","ping_status":"open","sticky":false,"template":"","format":"standard","meta":{"advgb_blocks_editor_width":"","advgb_blocks_columns_visual_guide":"","footnotes":"","jetpack_publicize_message":"","jetpack_publicize_feature_enabled":true,"jetpack_social_post_already_shared":true,"jetpack_social_options":{"image_generator_settings":{"template":"highway","default_image_id":0,"font":"","enabled":false},"version":2}},"categories":[6],"tags":[],"class_list":["post-7557","post","type-post","status-publish","format-standard","has-post-thumbnail","hentry","category-del-departamento"],"author_meta":{"display_name":"Portal","author_link":"https:\/\/portaldeyoung.uy\/index.php\/author\/admin_port\/"},"featured_img":"https:\/\/portaldeyoung.uy\/wp-content\/uploads\/2026\/01\/incendios-bomberos-300x169.jpeg","jetpack_publicize_connections":[],"coauthors":[],"tax_additional":{"categories":{"linked":["<a href=\"https:\/\/portaldeyoung.uy\/index.php\/category\/del-departamento\/\" class=\"advgb-post-tax-term\">Del departamento<\/a>"],"unlinked":["<span class=\"advgb-post-tax-term\">Del departamento<\/span>"]}},"comment_count":"0","relative_dates":{"created":"Publicado 3 meses hace","modified":"Actualizado 3 meses hace"},"absolute_dates":{"created":"Publicado el enero 19, 2026","modified":"Actualizado el enero 20, 2026"},"absolute_dates_time":{"created":"Publicado el enero 19, 2026 6:36 pm","modified":"Actualizado el enero 20, 2026 6:52 pm"},"featured_img_caption":"","series_order":"","_links":{"self":[{"href":"https:\/\/portaldeyoung.uy\/index.php\/wp-json\/wp\/v2\/posts\/7557","targetHints":{"allow":["GET"]}}],"collection":[{"href":"https:\/\/portaldeyoung.uy\/index.php\/wp-json\/wp\/v2\/posts"}],"about":[{"href":"https:\/\/portaldeyoung.uy\/index.php\/wp-json\/wp\/v2\/types\/post"}],"author":[{"embeddable":true,"href":"https:\/\/portaldeyoung.uy\/index.php\/wp-json\/wp\/v2\/users\/1"}],"replies":[{"embeddable":true,"href":"https:\/\/portaldeyoung.uy\/index.php\/wp-json\/wp\/v2\/comments?post=7557"}],"version-history":[{"count":1,"href":"https:\/\/portaldeyoung.uy\/index.php\/wp-json\/wp\/v2\/posts\/7557\/revisions"}],"predecessor-version":[{"id":7559,"href":"https:\/\/portaldeyoung.uy\/index.php\/wp-json\/wp\/v2\/posts\/7557\/revisions\/7559"}],"wp:featuredmedia":[{"embeddable":true,"href":"https:\/\/portaldeyoung.uy\/index.php\/wp-json\/wp\/v2\/media\/7239"}],"wp:attachment":[{"href":"https:\/\/portaldeyoung.uy\/index.php\/wp-json\/wp\/v2\/media?parent=7557"}],"wp:term":[{"taxonomy":"category","embeddable":true,"href":"https:\/\/portaldeyoung.uy\/index.php\/wp-json\/wp\/v2\/categories?post=7557"},{"taxonomy":"post_tag","embeddable":true,"href":"https:\/\/portaldeyoung.uy\/index.php\/wp-json\/wp\/v2\/tags?post=7557"}],"curies":[{"name":"wp","href":"https:\/\/api.w.org\/{rel}","templated":true}]}}