{"id":7555,"date":"2026-01-19T18:31:16","date_gmt":"2026-01-19T18:31:16","guid":{"rendered":"https:\/\/portaldeyoung.uy\/?p=7555"},"modified":"2026-01-22T11:23:26","modified_gmt":"2026-01-22T11:23:26","slug":"actuaciones-por-siniestro-de-transito-con-lesionados-y-fuga-dos-personas-detenidas","status":"publish","type":"post","link":"https:\/\/portaldeyoung.uy\/index.php\/2026\/01\/19\/actuaciones-por-siniestro-de-transito-con-lesionados-y-fuga-dos-personas-detenidas\/","title":{"rendered":"Actuaciones por siniestro de tr\u00e1nsito con lesionados y fuga: dos personas detenidas"},"content":{"rendered":"\n<p>La Jefatura de Polic\u00eda ampli\u00f3 la informaci\u00f3n vinculada al siniestro de tr\u00e1nsito con lesionados y fuga ocurrido el pasado 5 de diciembre de 2025, en Ruta Nacional N\u00ba 3, kil\u00f3metro 311, jurisdicci\u00f3n de Seccional Sexta de la ciudad de Young.<\/p>\n\n\n\n<p>En el hecho resultaron lesionadas una mujer mayor de edad y su hija menor, quienes fueron asistidas tras el impacto. A partir de las averiguaciones realizadas por personal policial, se logr\u00f3 identificar el veh\u00edculo involucrado, trat\u00e1ndose de un autom\u00f3vil con matr\u00edcula argentina.<\/p>\n\n\n\n<p>Por disposici\u00f3n de la sede de Fiscal\u00eda, se emiti\u00f3 orden de detenci\u00f3n tanto del veh\u00edculo como de sus ocupantes. En ese marco, se recibi\u00f3 comunicaci\u00f3n de la Prefectura Nacional Naval, destacamento Puente General Artigas (Paysand\u00fa\u2013Col\u00f3n), informando sobre la detenci\u00f3n del rodado y de sus ocupantes: un hombre y una mujer, ambos mayores de edad y de nacionalidad argentina.<\/p>\n\n\n\n<p>La intervenci\u00f3n se produjo cuando los involucrados intentaban salir del pa\u00eds y, al realizar el tr\u00e1mite migratorio correspondiente, se activ\u00f3 la requisitoria vigente. De inmediato, se procedi\u00f3 a la conducci\u00f3n de ambas personas a una dependencia policial, donde quedaron detenidas a disposici\u00f3n de la Justicia, a la espera de resoluci\u00f3n judicial. De todo lo actuado fue enterada la sede de Fiscal\u00eda.<\/p>\n\n\n\n<p>En cuanto al estado de salud de la v\u00edctima mayor de edad, se inform\u00f3 que debi\u00f3 ser sometida a la amputaci\u00f3n de su miembro inferior derecho y permanece internada en un centro asistencial, con evoluci\u00f3n favorable.<\/p>\n\n\n\n<p>Las actuaciones contin\u00faan y no se descartan nuevas ampliaciones.<\/p>\n","protected":false},"excerpt":{"rendered":"<p>La Jefatura de Polic\u00eda ampli\u00f3 la informaci\u00f3n vinculada al siniestro de tr\u00e1nsito con lesionados y fuga ocurrido el pasado 5 de diciembre de 2025, en<\/p>\n","protected":false},"author":1,"featured_media":2822,"comment_status":"closed","ping_status":"open","sticky":false,"template":"","format":"standard","meta":{"advgb_blocks_editor_width":"","advgb_blocks_columns_visual_guide":"","footnotes":"","jetpack_publicize_message":"","jetpack_publicize_feature_enabled":true,"jetpack_social_post_already_shared":true,"jetpack_social_options":{"image_generator_settings":{"template":"highway","default_image_id":0,"font":"","enabled":false},"version":2}},"categories":[28],"tags":[],"class_list":["post-7555","post","type-post","status-publish","format-standard","has-post-thumbnail","hentry","category-de-la-ciudad"],"author_meta":{"display_name":"Portal","author_link":"https:\/\/portaldeyoung.uy\/index.php\/author\/admin_port\/"},"featured_img":"https:\/\/portaldeyoung.uy\/wp-content\/uploads\/2025\/08\/seccional-sexta-01-300x171.jpg","jetpack_publicize_connections":[],"coauthors":[],"tax_additional":{"categories":{"linked":["<a href=\"https:\/\/portaldeyoung.uy\/index.php\/category\/de-la-ciudad\/\" class=\"advgb-post-tax-term\">De la ciudad<\/a>"],"unlinked":["<span class=\"advgb-post-tax-term\">De la ciudad<\/span>"]}},"comment_count":"0","relative_dates":{"created":"Publicado 3 meses hace","modified":"Actualizado 3 meses hace"},"absolute_dates":{"created":"Publicado el enero 19, 2026","modified":"Actualizado el enero 22, 2026"},"absolute_dates_time":{"created":"Publicado el enero 19, 2026 6:31 pm","modified":"Actualizado el enero 22, 2026 11:23 am"},"featured_img_caption":"","series_order":"","_links":{"self":[{"href":"https:\/\/portaldeyoung.uy\/index.php\/wp-json\/wp\/v2\/posts\/7555","targetHints":{"allow":["GET"]}}],"collection":[{"href":"https:\/\/portaldeyoung.uy\/index.php\/wp-json\/wp\/v2\/posts"}],"about":[{"href":"https:\/\/portaldeyoung.uy\/index.php\/wp-json\/wp\/v2\/types\/post"}],"author":[{"embeddable":true,"href":"https:\/\/portaldeyoung.uy\/index.php\/wp-json\/wp\/v2\/users\/1"}],"replies":[{"embeddable":true,"href":"https:\/\/portaldeyoung.uy\/index.php\/wp-json\/wp\/v2\/comments?post=7555"}],"version-history":[{"count":1,"href":"https:\/\/portaldeyoung.uy\/index.php\/wp-json\/wp\/v2\/posts\/7555\/revisions"}],"predecessor-version":[{"id":7556,"href":"https:\/\/portaldeyoung.uy\/index.php\/wp-json\/wp\/v2\/posts\/7555\/revisions\/7556"}],"wp:featuredmedia":[{"embeddable":true,"href":"https:\/\/portaldeyoung.uy\/index.php\/wp-json\/wp\/v2\/media\/2822"}],"wp:attachment":[{"href":"https:\/\/portaldeyoung.uy\/index.php\/wp-json\/wp\/v2\/media?parent=7555"}],"wp:term":[{"taxonomy":"category","embeddable":true,"href":"https:\/\/portaldeyoung.uy\/index.php\/wp-json\/wp\/v2\/categories?post=7555"},{"taxonomy":"post_tag","embeddable":true,"href":"https:\/\/portaldeyoung.uy\/index.php\/wp-json\/wp\/v2\/tags?post=7555"}],"curies":[{"name":"wp","href":"https:\/\/api.w.org\/{rel}","templated":true}]}}