{"id":7492,"date":"2026-01-16T10:14:18","date_gmt":"2026-01-16T10:14:18","guid":{"rendered":"https:\/\/portaldeyoung.uy\/?p=7492"},"modified":"2026-01-20T19:47:57","modified_gmt":"2026-01-20T19:47:57","slug":"fray-bentos-despidio-a-jessica-maciel-docente-y-bancaria-fallecida-en-el-parque-del-cerro-pan-de-azucar","status":"publish","type":"post","link":"https:\/\/portaldeyoung.uy\/index.php\/2026\/01\/16\/fray-bentos-despidio-a-jessica-maciel-docente-y-bancaria-fallecida-en-el-parque-del-cerro-pan-de-azucar\/","title":{"rendered":"Fray Bentos despidi\u00f3 a Jessica Maciel, docente y bancaria, fallecida en el parque del cerro Pan de Az\u00facar"},"content":{"rendered":"\n<p>La muerte de la mujer de 38 a\u00f1os, luego de que un \u00e1rbol le cayera encima mientras paseaba con su familia, gener\u00f3 conmoci\u00f3n y homenajes en la comunidad de la capital rionegrense.<\/p>\n\n\n\n<p>Este jueves al mediod\u00eda, se despidieron los restos de Jessica Maciel de 38 a\u00f1os, la <strong>mujer<\/strong> que falleci\u00f3 luego de que un <strong>\u00e1rbol<\/strong> le cayera encima mientras se encontraba en el parque del cerro Pan de Az\u00facar en Maldonado.<\/p>\n\n\n\n<p>Jessica, madre de Olivia, Renata y Sof\u00eda, fue homenajeada en las redes desde que se conoci\u00f3 la lamentable noticia. La comunidad de <strong>Fray Bentos<\/strong> est\u00e1 consternada y conmovida con el tr\u00e1gico fallecimiento de la joven.<\/p>\n\n\n\n<p>Se desempe\u00f1aba como docente de Matem\u00e1ticas en el liceo 1 de Fray Bentos y desde all\u00ed se coloc\u00f3 un lazo negro en las redes de la instituci\u00f3n, acompa\u00f1ada de un texto que dec\u00eda:<\/p>\n\n\n\n<p>Desde la comisi\u00f3n coordinadora, estudiantil del liceo 1, expresamos nuestro profundo pesar por el fallecimiento de la profesora de Matem\u00e1ticas Jessica Maciel. Fue una docente muy c\u00e1lida y cari\u00f1osa, que form\u00f3 y acompa\u00f1\u00f3 a muchos alumnos en sus primeros a\u00f1os de liceo, dejando una huella que contin\u00faa en quienes hoy siguen su trayectoria educativa. La recordamos con respeto y gratitud por su compromiso y calidad humana, y acompa\u00f1amos con afecto a su familia, colegas y seres queridos en este momento tan doloroso\u00bb.<\/p>\n\n\n\n<p>Adem\u00e1s, Maciel era funcionaria de la sucursal del Banco Rep\u00fablica (BROU) en Fray Bentos, a la que hab\u00eda ingresado en 2024. Este banco, por su parte, emiti\u00f3 un comunicado en el que lament\u00f3 el fallecimiento y resolvi\u00f3 cerrar la sucursal durante este jueves para acompa\u00f1ar a la familia de la funcionaria fallecida.<\/p>\n\n\n\n<p>Quienes conocieron a Maciel destacan su bondad a la hora de tratar tanto a las personas como a los animales, era una rescatista de coraz\u00f3n y daba la vida para buscarles una soluci\u00f3n a los callejeros, as\u00ed la definieron sus allegados.<\/p>\n","protected":false},"excerpt":{"rendered":"<p>La muerte de la mujer de 38 a\u00f1os, luego de que un \u00e1rbol le cayera encima mientras paseaba con su familia, gener\u00f3 conmoci\u00f3n y homenajes<\/p>\n","protected":false},"author":1,"featured_media":7493,"comment_status":"closed","ping_status":"open","sticky":false,"template":"","format":"standard","meta":{"advgb_blocks_editor_width":"","advgb_blocks_columns_visual_guide":"","footnotes":"","jetpack_publicize_message":"","jetpack_publicize_feature_enabled":true,"jetpack_social_post_already_shared":true,"jetpack_social_options":{"image_generator_settings":{"template":"highway","default_image_id":0,"font":"","enabled":false},"version":2}},"categories":[29],"tags":[],"class_list":["post-7492","post","type-post","status-publish","format-standard","has-post-thumbnail","hentry","category-del-territorio"],"author_meta":{"display_name":"Portal","author_link":"https:\/\/portaldeyoung.uy\/index.php\/author\/admin_port\/"},"featured_img":"https:\/\/portaldeyoung.uy\/wp-content\/uploads\/2026\/01\/Maciel-300x198.png","jetpack_publicize_connections":[],"coauthors":[],"tax_additional":{"categories":{"linked":["<a href=\"https:\/\/portaldeyoung.uy\/index.php\/category\/del-territorio\/\" class=\"advgb-post-tax-term\">Del territorio<\/a>"],"unlinked":["<span class=\"advgb-post-tax-term\">Del territorio<\/span>"]}},"comment_count":"0","relative_dates":{"created":"Publicado 3 meses hace","modified":"Actualizado 3 meses hace"},"absolute_dates":{"created":"Publicado el enero 16, 2026","modified":"Actualizado el enero 20, 2026"},"absolute_dates_time":{"created":"Publicado el enero 16, 2026 10:14 am","modified":"Actualizado el enero 20, 2026 7:47 pm"},"featured_img_caption":"","series_order":"","_links":{"self":[{"href":"https:\/\/portaldeyoung.uy\/index.php\/wp-json\/wp\/v2\/posts\/7492","targetHints":{"allow":["GET"]}}],"collection":[{"href":"https:\/\/portaldeyoung.uy\/index.php\/wp-json\/wp\/v2\/posts"}],"about":[{"href":"https:\/\/portaldeyoung.uy\/index.php\/wp-json\/wp\/v2\/types\/post"}],"author":[{"embeddable":true,"href":"https:\/\/portaldeyoung.uy\/index.php\/wp-json\/wp\/v2\/users\/1"}],"replies":[{"embeddable":true,"href":"https:\/\/portaldeyoung.uy\/index.php\/wp-json\/wp\/v2\/comments?post=7492"}],"version-history":[{"count":1,"href":"https:\/\/portaldeyoung.uy\/index.php\/wp-json\/wp\/v2\/posts\/7492\/revisions"}],"predecessor-version":[{"id":7494,"href":"https:\/\/portaldeyoung.uy\/index.php\/wp-json\/wp\/v2\/posts\/7492\/revisions\/7494"}],"wp:featuredmedia":[{"embeddable":true,"href":"https:\/\/portaldeyoung.uy\/index.php\/wp-json\/wp\/v2\/media\/7493"}],"wp:attachment":[{"href":"https:\/\/portaldeyoung.uy\/index.php\/wp-json\/wp\/v2\/media?parent=7492"}],"wp:term":[{"taxonomy":"category","embeddable":true,"href":"https:\/\/portaldeyoung.uy\/index.php\/wp-json\/wp\/v2\/categories?post=7492"},{"taxonomy":"post_tag","embeddable":true,"href":"https:\/\/portaldeyoung.uy\/index.php\/wp-json\/wp\/v2\/tags?post=7492"}],"curies":[{"name":"wp","href":"https:\/\/api.w.org\/{rel}","templated":true}]}}