{"id":7422,"date":"2026-01-14T11:55:46","date_gmt":"2026-01-14T11:55:46","guid":{"rendered":"https:\/\/portaldeyoung.uy\/?p=7422"},"modified":"2026-01-14T19:11:17","modified_gmt":"2026-01-14T19:11:17","slug":"mgap-coordino-acciones-ante-el-deficit-hidrico-y-definio-medidas-de-apoyo-al-sector-agropecuario","status":"publish","type":"post","link":"https:\/\/portaldeyoung.uy\/index.php\/2026\/01\/14\/mgap-coordino-acciones-ante-el-deficit-hidrico-y-definio-medidas-de-apoyo-al-sector-agropecuario\/","title":{"rendered":"MGAP coordin\u00f3 acciones ante el d\u00e9ficit h\u00eddrico y defini\u00f3 medidas de apoyo al sector agropecuario"},"content":{"rendered":"\n<p>La Oficina Departamental del Ministerio de Ganader\u00eda, Agricultura y Pesca (MGAP) dio a conocer un comunicado en el que informa sobre las acciones adoptadas frente a la actual situaci\u00f3n de d\u00e9ficit h\u00eddrico que afecta a distintas zonas del pa\u00eds.<\/p>\n\n\n\n<p>En la ma\u00f1ana del martes 13 de enero de 2026 se reuni\u00f3 la institucionalidad agropecuaria junto a otros organismos del Poder Ejecutivo, con el objetivo de trabajar de forma coordinada en el diagn\u00f3stico de la situaci\u00f3n y en la evaluaci\u00f3n de posibles medidas de pol\u00edtica p\u00fablica. En el encuentro participaron distintas unidades del MGAP, as\u00ed como INIA, INC, INAC, INASE, INALE, IPA, UAM, adem\u00e1s de INIA GRAS, INUMET y DINAGUA del Ministerio de Ambiente.<\/p>\n\n\n\n<p>Desde el MGAP se indic\u00f3 que las decisiones se est\u00e1n basando en la mejor informaci\u00f3n t\u00e9cnica disponible, incorporando reportes actualizados y la experiencia acumulada en eventos anteriores. Seg\u00fan lo informado por INUMET, el d\u00e9ficit h\u00eddrico actual presenta caracter\u00edsticas diferentes a sequ\u00edas previas, trat\u00e1ndose de un evento m\u00e1s acotado en su duraci\u00f3n.<\/p>\n\n\n\n<p>Las lluvias registradas durante la semana pasada permitieron una mejora transitoria de la situaci\u00f3n h\u00eddrica, motivo por el cual se resolvi\u00f3 no declarar, por el momento, la Emergencia Agropecuaria. No obstante, se decidi\u00f3 implementar un conjunto de medidas inmediatas y mantener un monitoreo permanente de la situaci\u00f3n agroclim\u00e1tica.<\/p>\n\n\n\n<p>El impacto del d\u00e9ficit h\u00eddrico no es uniforme y var\u00eda seg\u00fan las zonas, los rubros y el nivel de vulnerabilidad de los productores. Las regiones m\u00e1s afectadas se concentran en el sur del pa\u00eds, incluyendo los departamentos de Canelones, Colonia, Florida, Lavalleja, Maldonado, Montevideo, Rocha y San Jos\u00e9. Entre los rubros m\u00e1s comprometidos se encuentran la producci\u00f3n ganadera, la horticultura y la agricultura.<\/p>\n\n\n\n<p>Como primer paquete de medidas de aplicaci\u00f3n inmediata, se resolvi\u00f3 postergar el vencimiento de enero del aporte patronal rural al BPS, autorizar el pastoreo en las fajas linderas a rutas nacionales y caminos rurales, y fortalecer el apoyo t\u00e9cnico a productores ganaderos a trav\u00e9s del Instituto Plan Agropecuario y el programa Procr\u00eda. Asimismo, el Instituto Nacional de Colonizaci\u00f3n facilitar\u00e1 cr\u00e9ditos e inversiones vinculadas al acceso al agua para productores colonos.<\/p>\n\n\n\n<p>Adem\u00e1s, se pondr\u00e1n a disposici\u00f3n l\u00edneas de cr\u00e9dito a trav\u00e9s de Rep\u00fablica Microfinanzas y una l\u00ednea espec\u00edfica del BROU para atender las consecuencias del d\u00e9ficit h\u00eddrico. Tambi\u00e9n se coordinar\u00e1n acciones interinstitucionales para asegurar el suministro de agua destinada al consumo humano y a la producci\u00f3n familiar, en conjunto con OSE y las intendencias, y se acord\u00f3 con DINAGUA agilizar los tr\u00e1mites para el registro y autorizaci\u00f3n de perforaciones de agua.<\/p>\n\n\n\n<p>Paralelamente, se est\u00e1n evaluando nuevas medidas de apoyo econ\u00f3mico focalizadas en productores familiares que atraviesan situaciones especialmente cr\u00edticas.<\/p>\n\n\n\n<p>Desde el MGAP se destac\u00f3 que, m\u00e1s all\u00e1 de la coyuntura actual, se contin\u00faa avanzando en pol\u00edticas de mediano y largo plazo para mitigar los riesgos de sequ\u00eda. Entre ellas se encuentran la promoci\u00f3n de inversiones en agua como pol\u00edtica de Estado, el fortalecimiento de los seguros agropecuarios, la incorporaci\u00f3n de tecnolog\u00edas y pr\u00e1cticas de manejo para la gesti\u00f3n del riesgo h\u00eddrico, y el dise\u00f1o e implementaci\u00f3n de un protocolo espec\u00edfico para situaciones de sequ\u00eda.<\/p>\n","protected":false},"excerpt":{"rendered":"<p>La Oficina Departamental del Ministerio de Ganader\u00eda, Agricultura y Pesca (MGAP) dio a conocer un comunicado en el que informa sobre las acciones adoptadas frente<\/p>\n","protected":false},"author":1,"featured_media":3379,"comment_status":"closed","ping_status":"open","sticky":false,"template":"","format":"standard","meta":{"advgb_blocks_editor_width":"","advgb_blocks_columns_visual_guide":"","footnotes":"","jetpack_publicize_message":"","jetpack_publicize_feature_enabled":true,"jetpack_social_post_already_shared":true,"jetpack_social_options":{"image_generator_settings":{"template":"highway","default_image_id":0,"font":"","enabled":false},"version":2}},"categories":[4],"tags":[],"class_list":["post-7422","post","type-post","status-publish","format-standard","has-post-thumbnail","hentry","category-de-aca"],"author_meta":{"display_name":"Portal","author_link":"https:\/\/portaldeyoung.uy\/index.php\/author\/admin_port\/"},"featured_img":"https:\/\/portaldeyoung.uy\/wp-content\/uploads\/2025\/09\/vacas-300x143.png","jetpack_publicize_connections":[],"coauthors":[],"tax_additional":{"categories":{"linked":["<a href=\"https:\/\/portaldeyoung.uy\/index.php\/category\/de-aca\/\" class=\"advgb-post-tax-term\">De ac\u00e1<\/a>"],"unlinked":["<span class=\"advgb-post-tax-term\">De ac\u00e1<\/span>"]}},"comment_count":"0","relative_dates":{"created":"Publicado 4 meses hace","modified":"Actualizado 3 meses hace"},"absolute_dates":{"created":"Publicado el enero 14, 2026","modified":"Actualizado el enero 14, 2026"},"absolute_dates_time":{"created":"Publicado el enero 14, 2026 11:55 am","modified":"Actualizado el enero 14, 2026 7:11 pm"},"featured_img_caption":"","series_order":"","_links":{"self":[{"href":"https:\/\/portaldeyoung.uy\/index.php\/wp-json\/wp\/v2\/posts\/7422","targetHints":{"allow":["GET"]}}],"collection":[{"href":"https:\/\/portaldeyoung.uy\/index.php\/wp-json\/wp\/v2\/posts"}],"about":[{"href":"https:\/\/portaldeyoung.uy\/index.php\/wp-json\/wp\/v2\/types\/post"}],"author":[{"embeddable":true,"href":"https:\/\/portaldeyoung.uy\/index.php\/wp-json\/wp\/v2\/users\/1"}],"replies":[{"embeddable":true,"href":"https:\/\/portaldeyoung.uy\/index.php\/wp-json\/wp\/v2\/comments?post=7422"}],"version-history":[{"count":1,"href":"https:\/\/portaldeyoung.uy\/index.php\/wp-json\/wp\/v2\/posts\/7422\/revisions"}],"predecessor-version":[{"id":7423,"href":"https:\/\/portaldeyoung.uy\/index.php\/wp-json\/wp\/v2\/posts\/7422\/revisions\/7423"}],"wp:featuredmedia":[{"embeddable":true,"href":"https:\/\/portaldeyoung.uy\/index.php\/wp-json\/wp\/v2\/media\/3379"}],"wp:attachment":[{"href":"https:\/\/portaldeyoung.uy\/index.php\/wp-json\/wp\/v2\/media?parent=7422"}],"wp:term":[{"taxonomy":"category","embeddable":true,"href":"https:\/\/portaldeyoung.uy\/index.php\/wp-json\/wp\/v2\/categories?post=7422"},{"taxonomy":"post_tag","embeddable":true,"href":"https:\/\/portaldeyoung.uy\/index.php\/wp-json\/wp\/v2\/tags?post=7422"}],"curies":[{"name":"wp","href":"https:\/\/api.w.org\/{rel}","templated":true}]}}