{"id":7417,"date":"2026-01-14T11:26:27","date_gmt":"2026-01-14T11:26:27","guid":{"rendered":"https:\/\/portaldeyoung.uy\/?p=7417"},"modified":"2026-01-19T18:41:33","modified_gmt":"2026-01-19T18:41:33","slug":"convocatoria-para-artistas-colectivos-o-gestores-culturales-en-el-departamento","status":"publish","type":"post","link":"https:\/\/portaldeyoung.uy\/index.php\/2026\/01\/14\/convocatoria-para-artistas-colectivos-o-gestores-culturales-en-el-departamento\/","title":{"rendered":"Convocatoria para artistas, colectivos o gestores culturales en el departamento"},"content":{"rendered":"\n<p><strong>ESPACIOS PARA TU ARTE<\/strong><\/p>\n\n\n\n<p><strong>LLAMADO A PROPUESTAS ART\u00cdSTICAS \u2013 CULTURALES<\/strong><\/p>\n\n\n\n<p>El Departamento de Cultura de la Intendencia de R\u00edo Negro convoca a artistas, colectivos, instituciones y gestores culturales a presentar propuestas para integrar la programaci\u00f3n cultural 2026 en los distintos espacios del departamento.<\/p>\n\n\n\n<p>La modalidad de ventana abierta permitir\u00e1 recibir proyectos que fortalezcan la vida cultural del territorio, promuevan el acceso a la cultura, el encuentro comunitario y la diversidad de expresiones art\u00edsticas.<\/p>\n\n\n\n<p><strong>_ Espacios incluidos en la convocatoria<\/strong>:<\/p>\n\n\n\n<p><strong>Fray Bentos: <\/strong>Teatro Miguel Young, Museo Luis Solari, Plaza de las Mujeres.<\/p>\n\n\n\n<p><strong>Young: <\/strong>Casa de Cultura, Centro Socio Cultural, Teatro Atenas, MUARN.<\/p>\n\n\n\n<p><strong>Nuevo Berl\u00edn: <\/strong>Espacio 2000, MABRU<\/p>\n\n\n\n<p><strong>San Javier: <\/strong>Sala\u2013Teatro Cultural Pobieda.<\/p>\n\n\n\n<p><strong>Interior del Departamento: <\/strong>queda&nbsp;abierta la posibilidad de programar propuestas en <strong>salones comunales y otros espacios culturales del interior,<\/strong> seg\u00fan disponibilidad y pertinencia.<\/p>\n\n\n\n<p><strong>_ Modalidades y tipos de propuestas<\/strong><\/p>\n\n\n\n<p>Se podr\u00e1n presentar proyectos en las siguientes \u00e1reas:<\/p>\n\n\n\n<ul class=\"wp-block-list\">\n<li>Artes esc\u00e9nicas: obras de teatro, performances, intervenciones esc\u00e9nicas.<\/li>\n\n\n\n<li>M\u00fasica: espect\u00e1culos ac\u00fasticos, el\u00e9ctricos, corales o experimentales.<\/li>\n\n\n\n<li>Danza: propuestas contempor\u00e1neas, tradicionales o de fusi\u00f3n.<\/li>\n\n\n\n<li>Artes visuales y muse\u00edsticas: muestras pict\u00f3ricas, fotogr\u00e1ficas, exposiciones museogr\u00e1ficas o instalaciones.<\/li>\n\n\n\n<li>Literatura: presentaciones de libros, ciclos de lectura, encuentros con autoras y autores.<\/li>\n\n\n\n<li>Formaci\u00f3n: charlas, seminarios, talleres o actividades de mediaci\u00f3n cultural.<\/li>\n<\/ul>\n\n\n\n<p>Se valorar\u00e1 especialmente que las propuestas promuevan la participaci\u00f3n ciudadana, el di\u00e1logo comunitario, la articulaci\u00f3n territorial y el desarrollo cultural sostenible.<\/p>\n\n\n\n<p><strong>_ \u00bfQui\u00e9nes pueden postular?<\/strong><\/p>\n\n\n\n<p>Podr\u00e1n postular:<\/p>\n\n\n\n<ul class=\"wp-block-list\">\n<li>Artistas, colectivos, compa\u00f1\u00edas, instituciones o productores culturales.<\/li>\n\n\n\n<li>Personas mayores de 18 a\u00f1os, uruguayas o extranjeras residentes en el pa\u00eds.<\/li>\n\n\n\n<li>Postulaciones individuales o colectivas.<\/li>\n<\/ul>\n\n\n\n<p>Las propuestas seleccionadas integrar\u00e1n la programaci\u00f3n cultural 2026 y recibir\u00e1n acompa\u00f1amiento institucional. Seg\u00fan la naturaleza del proyecto y el espacio asignado, podr\u00e1 otorgarse apoyo econ\u00f3mico, t\u00e9cnico y log\u00edstico para su realizaci\u00f3n.<\/p>\n\n\n\n<p><strong>_ Presentaci\u00f3n de propuestas<\/strong><\/p>\n\n\n\n<p>Las postulaciones se reciben exclusivamente por correo electr\u00f3nico hasta el 15 de febrero de 2026.<\/p>\n\n\n\n<p>Correo para enviar postulaciones: llamados.cultura@rionegro.gub.uy<\/p>\n\n\n\n<p>El <strong>correo debe incluir el formulario de inscripci\u00f3n:<\/strong><\/p>\n\n\n\n<p>datos identificatorios del artista\/s, colectivos, compa\u00f1\u00edas, instituciones o productores culturales.<\/p>\n\n\n\n<p>En un segundo documento puede adjuntar un dossier o abstract de la\/s obra\/s propuesta.<\/p>\n","protected":false},"excerpt":{"rendered":"<p>ESPACIOS PARA TU ARTE LLAMADO A PROPUESTAS ART\u00cdSTICAS \u2013 CULTURALES El Departamento de Cultura de la Intendencia de R\u00edo Negro convoca a artistas, colectivos, instituciones<\/p>\n","protected":false},"author":1,"featured_media":6083,"comment_status":"closed","ping_status":"open","sticky":false,"template":"","format":"standard","meta":{"advgb_blocks_editor_width":"","advgb_blocks_columns_visual_guide":"","footnotes":"","jetpack_publicize_message":"","jetpack_publicize_feature_enabled":true,"jetpack_social_post_already_shared":true,"jetpack_social_options":{"image_generator_settings":{"template":"highway","default_image_id":0,"font":"","enabled":false},"version":2}},"categories":[29],"tags":[],"class_list":["post-7417","post","type-post","status-publish","format-standard","has-post-thumbnail","hentry","category-del-territorio"],"author_meta":{"display_name":"Portal","author_link":"https:\/\/portaldeyoung.uy\/index.php\/author\/admin_port\/"},"featured_img":"https:\/\/portaldeyoung.uy\/wp-content\/uploads\/2025\/11\/Casa-de-cultura-300x169.jpg","jetpack_publicize_connections":[],"coauthors":[],"tax_additional":{"categories":{"linked":["<a href=\"https:\/\/portaldeyoung.uy\/index.php\/category\/del-territorio\/\" class=\"advgb-post-tax-term\">Del territorio<\/a>"],"unlinked":["<span class=\"advgb-post-tax-term\">Del territorio<\/span>"]}},"comment_count":"0","relative_dates":{"created":"Publicado 4 meses hace","modified":"Actualizado 3 meses hace"},"absolute_dates":{"created":"Publicado el enero 14, 2026","modified":"Actualizado el enero 19, 2026"},"absolute_dates_time":{"created":"Publicado el enero 14, 2026 11:26 am","modified":"Actualizado el enero 19, 2026 6:41 pm"},"featured_img_caption":"","series_order":"","_links":{"self":[{"href":"https:\/\/portaldeyoung.uy\/index.php\/wp-json\/wp\/v2\/posts\/7417","targetHints":{"allow":["GET"]}}],"collection":[{"href":"https:\/\/portaldeyoung.uy\/index.php\/wp-json\/wp\/v2\/posts"}],"about":[{"href":"https:\/\/portaldeyoung.uy\/index.php\/wp-json\/wp\/v2\/types\/post"}],"author":[{"embeddable":true,"href":"https:\/\/portaldeyoung.uy\/index.php\/wp-json\/wp\/v2\/users\/1"}],"replies":[{"embeddable":true,"href":"https:\/\/portaldeyoung.uy\/index.php\/wp-json\/wp\/v2\/comments?post=7417"}],"version-history":[{"count":1,"href":"https:\/\/portaldeyoung.uy\/index.php\/wp-json\/wp\/v2\/posts\/7417\/revisions"}],"predecessor-version":[{"id":7418,"href":"https:\/\/portaldeyoung.uy\/index.php\/wp-json\/wp\/v2\/posts\/7417\/revisions\/7418"}],"wp:featuredmedia":[{"embeddable":true,"href":"https:\/\/portaldeyoung.uy\/index.php\/wp-json\/wp\/v2\/media\/6083"}],"wp:attachment":[{"href":"https:\/\/portaldeyoung.uy\/index.php\/wp-json\/wp\/v2\/media?parent=7417"}],"wp:term":[{"taxonomy":"category","embeddable":true,"href":"https:\/\/portaldeyoung.uy\/index.php\/wp-json\/wp\/v2\/categories?post=7417"},{"taxonomy":"post_tag","embeddable":true,"href":"https:\/\/portaldeyoung.uy\/index.php\/wp-json\/wp\/v2\/tags?post=7417"}],"curies":[{"name":"wp","href":"https:\/\/api.w.org\/{rel}","templated":true}]}}