{"id":7319,"date":"2026-01-09T15:29:06","date_gmt":"2026-01-09T15:29:06","guid":{"rendered":"https:\/\/portaldeyoung.uy\/?p=7319"},"modified":"2026-01-09T15:29:09","modified_gmt":"2026-01-09T15:29:09","slug":"las-canas-sera-sede-del-3-er-campeonato-binacional-de-beach-newcom-2026","status":"publish","type":"post","link":"https:\/\/portaldeyoung.uy\/index.php\/2026\/01\/09\/las-canas-sera-sede-del-3-er-campeonato-binacional-de-beach-newcom-2026\/","title":{"rendered":"Las Ca\u00f1as ser\u00e1 sede del 3.er Campeonato Binacional de Beach Newcom 2026"},"content":{"rendered":"\n<p>Del viernes 9 al domingo 11 de enero, el Balneario Las Ca\u00f1as, en Fray Bentos, ser\u00e1 escenario del 3.er Campeonato Binacional de Beach Newcom 2026, un evento deportivo que reunir\u00e1 delegaciones de distintos puntos de Uruguay y Argentina.<\/p>\n\n\n\n<p>La competencia contar\u00e1 con la participaci\u00f3n de m\u00e1s de veinte equipos confirmados, provenientes de localidades como Atl\u00e1ntida, Fray Bentos, Durazno, Mercedes, Montevideo, Paso de los Toros, Flores, Canelones, Tacuaremb\u00f3, Santa Rosa, as\u00ed como equipos binacionales de Uruguay y Argentina.<\/p>\n\n\n\n<p>El campeonato se desarrollar\u00e1 durante tres jornadas consecutivas, promoviendo la integraci\u00f3n regional, el deporte recreativo y el disfrute del entorno natural del principal balneario del departamento.<\/p>\n\n\n\n<p>La actividad es organizada por el Balneario Las Ca\u00f1as y cuenta con el apoyo del Gobierno Departamental de R\u00edo Negro, consolidando a Fray Bentos como sede de eventos deportivos de alcance nacional e internacional.<\/p>\n\n\n\n<figure class=\"wp-block-image size-large\"><img loading=\"lazy\" decoding=\"async\" width=\"576\" height=\"1024\" src=\"https:\/\/portaldeyoung.uy\/wp-content\/uploads\/2026\/01\/newcom-576x1024.jpeg\" alt=\"\" class=\"wp-image-7320\" srcset=\"https:\/\/portaldeyoung.uy\/wp-content\/uploads\/2026\/01\/newcom-576x1024.jpeg 576w, https:\/\/portaldeyoung.uy\/wp-content\/uploads\/2026\/01\/newcom-169x300.jpeg 169w, https:\/\/portaldeyoung.uy\/wp-content\/uploads\/2026\/01\/newcom-768x1365.jpeg 768w, https:\/\/portaldeyoung.uy\/wp-content\/uploads\/2026\/01\/newcom-864x1536.jpeg 864w, https:\/\/portaldeyoung.uy\/wp-content\/uploads\/2026\/01\/newcom.jpeg 900w\" sizes=\"auto, (max-width: 576px) 100vw, 576px\" \/><\/figure>\n","protected":false},"excerpt":{"rendered":"<p>Del viernes 9 al domingo 11 de enero, el Balneario Las Ca\u00f1as, en Fray Bentos, ser\u00e1 escenario del 3.er Campeonato Binacional de Beach Newcom 2026,<\/p>\n","protected":false},"author":1,"featured_media":7321,"comment_status":"closed","ping_status":"open","sticky":false,"template":"","format":"standard","meta":{"advgb_blocks_editor_width":"","advgb_blocks_columns_visual_guide":"","footnotes":"","jetpack_publicize_message":"","jetpack_publicize_feature_enabled":true,"jetpack_social_post_already_shared":true,"jetpack_social_options":{"image_generator_settings":{"template":"highway","default_image_id":0,"font":"","enabled":false},"version":2}},"categories":[5],"tags":[],"class_list":["post-7319","post","type-post","status-publish","format-standard","has-post-thumbnail","hentry","category-de-la-tribuna"],"author_meta":{"display_name":"Portal","author_link":"https:\/\/portaldeyoung.uy\/index.php\/author\/admin_port\/"},"featured_img":"https:\/\/portaldeyoung.uy\/wp-content\/uploads\/2026\/01\/newcom-las-canas-300x169.jpg","jetpack_publicize_connections":[],"coauthors":[],"tax_additional":{"categories":{"linked":["<a href=\"https:\/\/portaldeyoung.uy\/index.php\/category\/de-la-tribuna\/\" class=\"advgb-post-tax-term\">De la tribuna<\/a>"],"unlinked":["<span class=\"advgb-post-tax-term\">De la tribuna<\/span>"]}},"comment_count":"0","relative_dates":{"created":"Publicado 4 meses hace","modified":"Actualizado 4 meses hace"},"absolute_dates":{"created":"Publicado el enero 9, 2026","modified":"Actualizado el enero 9, 2026"},"absolute_dates_time":{"created":"Publicado el enero 9, 2026 3:29 pm","modified":"Actualizado el enero 9, 2026 3:29 pm"},"featured_img_caption":"","series_order":"","_links":{"self":[{"href":"https:\/\/portaldeyoung.uy\/index.php\/wp-json\/wp\/v2\/posts\/7319","targetHints":{"allow":["GET"]}}],"collection":[{"href":"https:\/\/portaldeyoung.uy\/index.php\/wp-json\/wp\/v2\/posts"}],"about":[{"href":"https:\/\/portaldeyoung.uy\/index.php\/wp-json\/wp\/v2\/types\/post"}],"author":[{"embeddable":true,"href":"https:\/\/portaldeyoung.uy\/index.php\/wp-json\/wp\/v2\/users\/1"}],"replies":[{"embeddable":true,"href":"https:\/\/portaldeyoung.uy\/index.php\/wp-json\/wp\/v2\/comments?post=7319"}],"version-history":[{"count":1,"href":"https:\/\/portaldeyoung.uy\/index.php\/wp-json\/wp\/v2\/posts\/7319\/revisions"}],"predecessor-version":[{"id":7322,"href":"https:\/\/portaldeyoung.uy\/index.php\/wp-json\/wp\/v2\/posts\/7319\/revisions\/7322"}],"wp:featuredmedia":[{"embeddable":true,"href":"https:\/\/portaldeyoung.uy\/index.php\/wp-json\/wp\/v2\/media\/7321"}],"wp:attachment":[{"href":"https:\/\/portaldeyoung.uy\/index.php\/wp-json\/wp\/v2\/media?parent=7319"}],"wp:term":[{"taxonomy":"category","embeddable":true,"href":"https:\/\/portaldeyoung.uy\/index.php\/wp-json\/wp\/v2\/categories?post=7319"},{"taxonomy":"post_tag","embeddable":true,"href":"https:\/\/portaldeyoung.uy\/index.php\/wp-json\/wp\/v2\/tags?post=7319"}],"curies":[{"name":"wp","href":"https:\/\/api.w.org\/{rel}","templated":true}]}}