{"id":7236,"date":"2026-01-07T12:30:34","date_gmt":"2026-01-07T12:30:34","guid":{"rendered":"https:\/\/portaldeyoung.uy\/?p=7236"},"modified":"2026-01-13T11:38:47","modified_gmt":"2026-01-13T11:38:47","slug":"la-alcaldesa-cecilia-rodriguez-destaco-agenda-turistica-eventos-de-verano-y-prioridades-de-gestion-para-young","status":"publish","type":"post","link":"https:\/\/portaldeyoung.uy\/index.php\/2026\/01\/07\/la-alcaldesa-cecilia-rodriguez-destaco-agenda-turistica-eventos-de-verano-y-prioridades-de-gestion-para-young\/","title":{"rendered":"La alcaldesa Cecilia Rodr\u00edguez destac\u00f3 agenda tur\u00edstica, eventos de verano y prioridades de gesti\u00f3n para Young"},"content":{"rendered":"\n<p>La alcaldesa del Municipio de Young, Cecilia Rodr\u00edguez, fue entrevistada en Multimedios Rinc\u00f3n de Fray Bentos, donde abord\u00f3 distintos ejes de trabajo vinculados al desarrollo tur\u00edstico, la planificaci\u00f3n de eventos, la gesti\u00f3n presupuestal y los principales desaf\u00edos de la ciudad.<\/p>\n\n\n\n<p>Entre los temas destacados, Rodr\u00edguez inform\u00f3 sobre la reciente visita del ministro de Turismo, Pablo Menoni, quien hab\u00eda previsto asistir a la inauguraci\u00f3n del Parque Lineal pero, por razones de agenda, concret\u00f3 su visita en las \u00faltimas horas. En ese marco, recorrieron el Paso de las Piedras y mantuvieron instancias de di\u00e1logo sobre turismo, objetivos y una puesta a punto general. De la actividad participaron \u00e1reas municipales y de la Intendencia de R\u00edo Negro.<\/p>\n\n\n\n<p>La alcaldesa subray\u00f3 la ubicaci\u00f3n estrat\u00e9gica de Young como un punto de paso para numerosos turistas, se\u00f1alando la necesidad de generar herramientas para captar ese flujo y visibilizar los atractivos locales. \u201cTenemos ciertos atractivos que se pueden potenciar y eventos que funcionan como motores, como el polo en el \u00e1rea tur\u00edstica\u201d, indic\u00f3. En ese sentido, destac\u00f3 el trabajo conjunto con la comisi\u00f3n de patrimonio local para identificar y promover los recursos de la ciudad.<\/p>\n\n\n\n<p>Asimismo, anunci\u00f3 que ya se encuentra planificada la agenda de eventos, entre los que se incluyen el<\/p>\n\n\n\n<p>Festival de la Cumbia, Young en Rock y Young Ciudad, adem\u00e1s del pr\u00f3ximo carnaval. \u201cBuscamos generar alternativas para los vecinos y avanzar en la planificaci\u00f3n de actividades para este verano\u201d, afirm\u00f3.<\/p>\n\n\n\n<p>En materia de gesti\u00f3n, Rodr\u00edguez explic\u00f3 que el Municipio viene trabajando en el presupuesto y en la definici\u00f3n de competencias asignadas. Se\u00f1al\u00f3 que los tres municipios del departamento asumir\u00e1n la recolecci\u00f3n de residuos, el bacheo y el alumbrado p\u00fablico, destinando a estas \u00e1reas los fondos de incentivo. Tambi\u00e9n adelant\u00f3 que se incorporar\u00e1n proyectos al Plan Operativo Anual.<\/p>\n\n\n\n<p>Entre las iniciativas proyectadas, mencion\u00f3 la creaci\u00f3n de un sector espec\u00edfico para ferias, con infraestructura y reglamentaci\u00f3n, que funcione adem\u00e1s como paseo para la comunidad y una fuente de ingresos. En paralelo, remarc\u00f3 la importancia del programa \u201cYoung Ciudad Limpia\u201d, que requiere del compromiso ciudadano para lograr resultados sostenidos.<\/p>\n\n\n\n<p>La alcaldesa indic\u00f3 que junto al Concejo Municipal se realizaron recorridas por los barrios, con el objetivo de escuchar a los vecinos y conocer sus propuestas. De cara al a\u00f1o en curso, se\u00f1al\u00f3 que uno de los principales desaf\u00edos ser\u00e1 la mejora del tr\u00e1nsito, especialmente en lo referido al tr\u00e1nsito pesado.<\/p>\n\n\n\n<p>Finalmente, Rodr\u00edguez se refiri\u00f3 a la movilidad el\u00e9ctrica, destacando que Young cuenta con tres puntos de recarga para autos el\u00e9ctricos. \u201cCruza mucha gente y hoy es un tema que se debe analizar; ha surgido la demanda de m\u00e1s cargadores, porque la gente los utiliza cada vez m\u00e1s y hay que dar una respuesta\u201d, concluy\u00f3.<\/p>\n","protected":false},"excerpt":{"rendered":"<p>La alcaldesa del Municipio de Young, Cecilia Rodr\u00edguez, fue entrevistada en Multimedios Rinc\u00f3n de Fray Bentos, donde abord\u00f3 distintos ejes de trabajo vinculados al desarrollo<\/p>\n","protected":false},"author":1,"featured_media":4446,"comment_status":"closed","ping_status":"open","sticky":false,"template":"","format":"standard","meta":{"advgb_blocks_editor_width":"","advgb_blocks_columns_visual_guide":"","footnotes":"","jetpack_publicize_message":"","jetpack_publicize_feature_enabled":true,"jetpack_social_post_already_shared":true,"jetpack_social_options":{"image_generator_settings":{"template":"highway","default_image_id":0,"font":"","enabled":false},"version":2}},"categories":[28],"tags":[],"class_list":["post-7236","post","type-post","status-publish","format-standard","has-post-thumbnail","hentry","category-de-la-ciudad"],"author_meta":{"display_name":"Portal","author_link":"https:\/\/portaldeyoung.uy\/index.php\/author\/admin_port\/"},"featured_img":"https:\/\/portaldeyoung.uy\/wp-content\/uploads\/2025\/10\/Young-aereo-00-300x235.jpg","jetpack_publicize_connections":[],"coauthors":[],"tax_additional":{"categories":{"linked":["<a href=\"https:\/\/portaldeyoung.uy\/index.php\/category\/de-la-ciudad\/\" class=\"advgb-post-tax-term\">De la ciudad<\/a>"],"unlinked":["<span class=\"advgb-post-tax-term\">De la ciudad<\/span>"]}},"comment_count":"0","relative_dates":{"created":"Publicado 4 meses hace","modified":"Actualizado 4 meses hace"},"absolute_dates":{"created":"Publicado el enero 7, 2026","modified":"Actualizado el enero 13, 2026"},"absolute_dates_time":{"created":"Publicado el enero 7, 2026 12:30 pm","modified":"Actualizado el enero 13, 2026 11:38 am"},"featured_img_caption":"","series_order":"","_links":{"self":[{"href":"https:\/\/portaldeyoung.uy\/index.php\/wp-json\/wp\/v2\/posts\/7236","targetHints":{"allow":["GET"]}}],"collection":[{"href":"https:\/\/portaldeyoung.uy\/index.php\/wp-json\/wp\/v2\/posts"}],"about":[{"href":"https:\/\/portaldeyoung.uy\/index.php\/wp-json\/wp\/v2\/types\/post"}],"author":[{"embeddable":true,"href":"https:\/\/portaldeyoung.uy\/index.php\/wp-json\/wp\/v2\/users\/1"}],"replies":[{"embeddable":true,"href":"https:\/\/portaldeyoung.uy\/index.php\/wp-json\/wp\/v2\/comments?post=7236"}],"version-history":[{"count":1,"href":"https:\/\/portaldeyoung.uy\/index.php\/wp-json\/wp\/v2\/posts\/7236\/revisions"}],"predecessor-version":[{"id":7237,"href":"https:\/\/portaldeyoung.uy\/index.php\/wp-json\/wp\/v2\/posts\/7236\/revisions\/7237"}],"wp:featuredmedia":[{"embeddable":true,"href":"https:\/\/portaldeyoung.uy\/index.php\/wp-json\/wp\/v2\/media\/4446"}],"wp:attachment":[{"href":"https:\/\/portaldeyoung.uy\/index.php\/wp-json\/wp\/v2\/media?parent=7236"}],"wp:term":[{"taxonomy":"category","embeddable":true,"href":"https:\/\/portaldeyoung.uy\/index.php\/wp-json\/wp\/v2\/categories?post=7236"},{"taxonomy":"post_tag","embeddable":true,"href":"https:\/\/portaldeyoung.uy\/index.php\/wp-json\/wp\/v2\/tags?post=7236"}],"curies":[{"name":"wp","href":"https:\/\/api.w.org\/{rel}","templated":true}]}}