{"id":7227,"date":"2026-01-07T12:03:41","date_gmt":"2026-01-07T12:03:41","guid":{"rendered":"https:\/\/portaldeyoung.uy\/?p=7227"},"modified":"2026-01-07T12:03:44","modified_gmt":"2026-01-07T12:03:44","slug":"cinco-nuevos-radares-comenzaran-a-fiscalizar-desde-febrero-en-las-rutas","status":"publish","type":"post","link":"https:\/\/portaldeyoung.uy\/index.php\/2026\/01\/07\/cinco-nuevos-radares-comenzaran-a-fiscalizar-desde-febrero-en-las-rutas\/","title":{"rendered":"Cinco nuevos radares comenzar\u00e1n a fiscalizar desde febrero en las rutas"},"content":{"rendered":"\n<p>El Ministerio de Transporte y Obras P\u00fablicas (MTOP) hizo p\u00fablico que habr\u00e1 cinco nuevas zonas de las rutas nacionales donde se controlar\u00e1 la velocidad con radares.<br>Seg\u00fan inform\u00f3 en un comunicado, se trata de puntos donde se registra una \u201calta siniestralidad\u201d. De esta manera, la cartera busca \u201creforzar la seguridad y reducir los siniestros de tr\u00e1nsito\u201d.<br>Estos nuevos radares comenzar\u00e1n a fiscalizar el 1\u00b0 de febrero de 2026.<br>Ruta 1 \u2013 Empalme con Camino Basilio Mu\u00f1oz (km 20): intersecci\u00f3n a nivel con flujos vehiculares convergentes y elevada circulaci\u00f3n peatonal en Santiago V\u00e1zquez. En este tramo se readecuar\u00e1 la velocidad m\u00e1xima de circulaci\u00f3n a 75 km\/h.<br>Ruta 9 \u2013 Acceso Oeste a la ciudad de Rocha (km 205.380): tramo suburbano que cuenta con ciclov\u00eda adyacente a la calzada y circulaci\u00f3n frecuente de usuarios vulnerables. En este tramo la velocidad m\u00e1xima de circulaci\u00f3n permanece en 60km\/h.<br>Ruta 26 \u2013 Acceso Oeste a la ciudad de R\u00edo Branco (km 85): se trata de una curva con visibilidad reducida y elevada concentraci\u00f3n de siniestros de tr\u00e1nsito. En este tramo se readecuar\u00e1 la velocidad m\u00e1xima de circulaci\u00f3n a 45km\/h.<br>Ruta 5 \u2013 Con Camino la Redenci\u00f3n (km13.400): hasta el momento se encuentra fiscalizando all\u00ed un radar m\u00f3vil del Ministerio del Interior. En este tramo la velocidad m\u00e1xima de circulaci\u00f3n permanece en 75km\/h.<br>Ruta 5 \u2013 Con Camino Fauquet (km 17.680): hasta el momento se encuentra fiscalizando all\u00ed un radar m\u00f3vil del Ministerio del Interior. En este tramo la velocidad m\u00e1xima de circulaci\u00f3n permanece en 75km\/h.<\/p>\n","protected":false},"excerpt":{"rendered":"<p>El Ministerio de Transporte y Obras P\u00fablicas (MTOP) hizo p\u00fablico que habr\u00e1 cinco nuevas zonas de las rutas nacionales donde se controlar\u00e1 la velocidad con<\/p>\n","protected":false},"author":1,"featured_media":7228,"comment_status":"closed","ping_status":"open","sticky":false,"template":"","format":"standard","meta":{"advgb_blocks_editor_width":"","advgb_blocks_columns_visual_guide":"","footnotes":"","jetpack_publicize_message":"","jetpack_publicize_feature_enabled":true,"jetpack_social_post_already_shared":true,"jetpack_social_options":{"image_generator_settings":{"template":"highway","default_image_id":0,"font":"","enabled":false},"version":2}},"categories":[7],"tags":[],"class_list":["post-7227","post","type-post","status-publish","format-standard","has-post-thumbnail","hentry","category-del-pais"],"author_meta":{"display_name":"Portal","author_link":"https:\/\/portaldeyoung.uy\/index.php\/author\/admin_port\/"},"featured_img":"https:\/\/portaldeyoung.uy\/wp-content\/uploads\/2026\/01\/radares-300x169.jpg","jetpack_publicize_connections":[],"coauthors":[],"tax_additional":{"categories":{"linked":["<a href=\"https:\/\/portaldeyoung.uy\/index.php\/category\/del-pais\/\" class=\"advgb-post-tax-term\">Del pa\u00eds<\/a>"],"unlinked":["<span class=\"advgb-post-tax-term\">Del pa\u00eds<\/span>"]}},"comment_count":"0","relative_dates":{"created":"Publicado 4 meses hace","modified":"Actualizado 4 meses hace"},"absolute_dates":{"created":"Publicado el enero 7, 2026","modified":"Actualizado el enero 7, 2026"},"absolute_dates_time":{"created":"Publicado el enero 7, 2026 12:03 pm","modified":"Actualizado el enero 7, 2026 12:03 pm"},"featured_img_caption":"","series_order":"","_links":{"self":[{"href":"https:\/\/portaldeyoung.uy\/index.php\/wp-json\/wp\/v2\/posts\/7227","targetHints":{"allow":["GET"]}}],"collection":[{"href":"https:\/\/portaldeyoung.uy\/index.php\/wp-json\/wp\/v2\/posts"}],"about":[{"href":"https:\/\/portaldeyoung.uy\/index.php\/wp-json\/wp\/v2\/types\/post"}],"author":[{"embeddable":true,"href":"https:\/\/portaldeyoung.uy\/index.php\/wp-json\/wp\/v2\/users\/1"}],"replies":[{"embeddable":true,"href":"https:\/\/portaldeyoung.uy\/index.php\/wp-json\/wp\/v2\/comments?post=7227"}],"version-history":[{"count":1,"href":"https:\/\/portaldeyoung.uy\/index.php\/wp-json\/wp\/v2\/posts\/7227\/revisions"}],"predecessor-version":[{"id":7229,"href":"https:\/\/portaldeyoung.uy\/index.php\/wp-json\/wp\/v2\/posts\/7227\/revisions\/7229"}],"wp:featuredmedia":[{"embeddable":true,"href":"https:\/\/portaldeyoung.uy\/index.php\/wp-json\/wp\/v2\/media\/7228"}],"wp:attachment":[{"href":"https:\/\/portaldeyoung.uy\/index.php\/wp-json\/wp\/v2\/media?parent=7227"}],"wp:term":[{"taxonomy":"category","embeddable":true,"href":"https:\/\/portaldeyoung.uy\/index.php\/wp-json\/wp\/v2\/categories?post=7227"},{"taxonomy":"post_tag","embeddable":true,"href":"https:\/\/portaldeyoung.uy\/index.php\/wp-json\/wp\/v2\/tags?post=7227"}],"curies":[{"name":"wp","href":"https:\/\/api.w.org\/{rel}","templated":true}]}}