{"id":7218,"date":"2026-01-07T11:51:00","date_gmt":"2026-01-07T11:51:00","guid":{"rendered":"https:\/\/portaldeyoung.uy\/?p=7218"},"modified":"2026-01-07T11:51:03","modified_gmt":"2026-01-07T11:51:03","slug":"disponen-retiro-de-algunos-productos-para-lactantes-nan-1-optipro-de-nestle","status":"publish","type":"post","link":"https:\/\/portaldeyoung.uy\/index.php\/2026\/01\/07\/disponen-retiro-de-algunos-productos-para-lactantes-nan-1-optipro-de-nestle\/","title":{"rendered":"Disponen retiro de algunos productos para lactantes \u201cNAN 1 OPTIPRO\u201d de Nestl\u00e9"},"content":{"rendered":"\n<p>El Ministerio de Salud P\u00fablica difundi\u00f3 los n\u00fameros de lote y las fechas de vencimiento; se solicita no utilizar el producto.<\/p>\n\n\n\n<p>El Ministerio de Salud P\u00fablica dispuso, en coordinaci\u00f3n con la empresa Nestl\u00e9 Uruguay, el retiro preventivo del mercado de determinados lotes de la f\u00f3rmula para lactantes NAN 1 OPTIPRO, en su presentaci\u00f3n de 400 gr.<\/p>\n\n\n\n<p><strong>Lotes y vencimientos de los productos NAN 1 OPTIPRO (400gr):<\/strong><\/p>\n\n\n\n<p>517628872A &#8211; 31\/12\/2026<\/p>\n\n\n\n<p>524128872A &#8211; 28\/02\/2027<\/p>\n\n\n\n<p>524728872A &#8211; 31\/03\/2027<\/p>\n\n\n\n<p>El motivo es la posible presencia de la toxina Cereulida, producida por el microorganismo Bacillus cereus, en una de las materias primas utilizadas para la elaboraci\u00f3n del producto.<\/p>\n\n\n\n<p>El Ministerio se\u00f1ala en su comunicado que \u201caplica exclusivamente a los lotes listados del producto NAN 1 OPTIPRO (400 gr) y no alcanza a otros lotes del mismo producto ni a otros productos de la empresa\u201d.<\/p>\n\n\n\n<p>La cartera informa que en caso de haberse consumido el producto comprendido en el retiro, se recomienda vigilar la aparici\u00f3n de v\u00f3mitos (entre 1 y 6 horas luego de la ingesta), diarrea (entre 8 y 16 horas), decaimiento o letargo inusual, fiebre o irritabilidad. Si el lactante presenta alguno de estos s\u00edntomas, se deber\u00e1 consultar de inmediato con su m\u00e9dico tratante o prestador de salud, informando el producto y el n\u00famero de lote.<\/p>\n\n\n\n<p>Adem\u00e1s, se\u00f1ala en el comunicado que si en el hogar se tiene&nbsp;alguno de los lotes alcanzados, no se debe utilizar el producto, conservar el envase para poder identificar el lote y la fecha de vencimiento (no descartar) y comunicarse con la empresa para gestionar la devoluci\u00f3n o reintegro, seg\u00fan corresponda.<\/p>\n\n\n\n<p>A partir del d\u00eda mi\u00e9rcoles 7 de enero, las v\u00edas de comunicaci\u00f3n de la empresa son: tel\u00e9fono 0800 2122 opci\u00f3n 3, de lunes a s\u00e1bado de 9:00 a 20:00hs, y correo electr\u00f3nico servicio.consumidor@uy.nestle.com<\/p>\n\n\n\n<p>La cartera informa que ante dudas o consultas, se puede comunicar con el Departamento de Alimentos, Cosm\u00e9ticos y Domisanitarios del Ministerio de Salud P\u00fablica, a trav\u00e9s del tel\u00e9fono 1934, internos 5081\/5083, de lunes a viernes de 9:00 a 16:00 horas o al correo electr\u00f3nico sectoralimentos@msp.gub.uy<\/p>\n\n\n\n<p><em>*Foto: Javier Calvelo &#8211; adhocFOTOS<\/em><\/p>\n","protected":false},"excerpt":{"rendered":"<p>El Ministerio de Salud P\u00fablica difundi\u00f3 los n\u00fameros de lote y las fechas de vencimiento; se solicita no utilizar el producto. El Ministerio de Salud<\/p>\n","protected":false},"author":1,"featured_media":7219,"comment_status":"closed","ping_status":"open","sticky":false,"template":"","format":"standard","meta":{"advgb_blocks_editor_width":"","advgb_blocks_columns_visual_guide":"","footnotes":"","jetpack_publicize_message":"","jetpack_publicize_feature_enabled":true,"jetpack_social_post_already_shared":true,"jetpack_social_options":{"image_generator_settings":{"template":"highway","default_image_id":0,"font":"","enabled":false},"version":2}},"categories":[7],"tags":[],"class_list":["post-7218","post","type-post","status-publish","format-standard","has-post-thumbnail","hentry","category-del-pais"],"author_meta":{"display_name":"Portal","author_link":"https:\/\/portaldeyoung.uy\/index.php\/author\/admin_port\/"},"featured_img":"https:\/\/portaldeyoung.uy\/wp-content\/uploads\/2026\/01\/lactante-leche-300x150.png","jetpack_publicize_connections":[],"coauthors":[],"tax_additional":{"categories":{"linked":["<a href=\"https:\/\/portaldeyoung.uy\/index.php\/category\/del-pais\/\" class=\"advgb-post-tax-term\">Del pa\u00eds<\/a>"],"unlinked":["<span class=\"advgb-post-tax-term\">Del pa\u00eds<\/span>"]}},"comment_count":"0","relative_dates":{"created":"Publicado 4 meses hace","modified":"Actualizado 4 meses hace"},"absolute_dates":{"created":"Publicado el enero 7, 2026","modified":"Actualizado el enero 7, 2026"},"absolute_dates_time":{"created":"Publicado el enero 7, 2026 11:51 am","modified":"Actualizado el enero 7, 2026 11:51 am"},"featured_img_caption":"","series_order":"","_links":{"self":[{"href":"https:\/\/portaldeyoung.uy\/index.php\/wp-json\/wp\/v2\/posts\/7218","targetHints":{"allow":["GET"]}}],"collection":[{"href":"https:\/\/portaldeyoung.uy\/index.php\/wp-json\/wp\/v2\/posts"}],"about":[{"href":"https:\/\/portaldeyoung.uy\/index.php\/wp-json\/wp\/v2\/types\/post"}],"author":[{"embeddable":true,"href":"https:\/\/portaldeyoung.uy\/index.php\/wp-json\/wp\/v2\/users\/1"}],"replies":[{"embeddable":true,"href":"https:\/\/portaldeyoung.uy\/index.php\/wp-json\/wp\/v2\/comments?post=7218"}],"version-history":[{"count":1,"href":"https:\/\/portaldeyoung.uy\/index.php\/wp-json\/wp\/v2\/posts\/7218\/revisions"}],"predecessor-version":[{"id":7220,"href":"https:\/\/portaldeyoung.uy\/index.php\/wp-json\/wp\/v2\/posts\/7218\/revisions\/7220"}],"wp:featuredmedia":[{"embeddable":true,"href":"https:\/\/portaldeyoung.uy\/index.php\/wp-json\/wp\/v2\/media\/7219"}],"wp:attachment":[{"href":"https:\/\/portaldeyoung.uy\/index.php\/wp-json\/wp\/v2\/media?parent=7218"}],"wp:term":[{"taxonomy":"category","embeddable":true,"href":"https:\/\/portaldeyoung.uy\/index.php\/wp-json\/wp\/v2\/categories?post=7218"},{"taxonomy":"post_tag","embeddable":true,"href":"https:\/\/portaldeyoung.uy\/index.php\/wp-json\/wp\/v2\/tags?post=7218"}],"curies":[{"name":"wp","href":"https:\/\/api.w.org\/{rel}","templated":true}]}}