{"id":7180,"date":"2026-01-06T09:58:30","date_gmt":"2026-01-06T09:58:30","guid":{"rendered":"https:\/\/portaldeyoung.uy\/?p=7180"},"modified":"2026-01-06T09:58:33","modified_gmt":"2026-01-06T09:58:33","slug":"cambios-en-compras-con-franquicia-en-el-exterior-empezaran-a-regir-el-1o-de-mayo","status":"publish","type":"post","link":"https:\/\/portaldeyoung.uy\/index.php\/2026\/01\/06\/cambios-en-compras-con-franquicia-en-el-exterior-empezaran-a-regir-el-1o-de-mayo\/","title":{"rendered":"Cambios en compras con franquicia en el exterior empezar\u00e1n a regir el 1\u00ba de mayo"},"content":{"rendered":"\n<p>Los <strong>cambios en el r\u00e9gimen de franquicias<\/strong> para <strong>compras en el exterior<\/strong> comenzar\u00e1n a regir el <strong>1\u00ba de mayo<\/strong>, seg\u00fan lo dispuesto en la \u00faltima <strong>Ley de Presupuesto<\/strong>. De acuerdo a lo informado por <strong>Telemundo<\/strong>, los detalles pendientes se definir\u00e1n en un <strong>decreto reglamentario<\/strong> de pr\u00f3xima publicaci\u00f3n.<\/p>\n\n\n\n<p>Las modificaciones impactar\u00e1n especialmente en las compras mediante <strong>plataformas de comercio electr\u00f3nico<\/strong>, en particular <strong>Temu<\/strong>, cuyo crecimiento en env\u00edos gener\u00f3 reclamos del <strong>comercio nacional<\/strong>, sobre todo en sectores como las <strong>jugueter\u00edas<\/strong>.<\/p>\n\n\n\n<p>Entre los principales cambios se destaca la <strong>aplicaci\u00f3n del IVA<\/strong> a las importaciones realizadas bajo franquicia. Adem\u00e1s, el tope anual pasar\u00e1 de <strong>U$S 600 a U$S 800<\/strong>, manteni\u00e9ndose el l\u00edmite de <strong>tres compras<\/strong>. \u201cLas importaciones bajo esta franquicia quedar\u00e1n sujetas a las disposiciones contenidas en el art\u00edculo 4\u00ba y en el literal B) del art\u00edculo 13 del T\u00edtulo 10 del Texto Ordenado 2023\u201d, inform\u00f3 <strong>Montevideo Portal<\/strong>.<\/p>\n\n\n\n<p>El r\u00e9gimen incluir\u00e1 una <strong>excepci\u00f3n<\/strong> vinculada a acuerdos internacionales, como el <strong>TIFA<\/strong> con <strong>Estados Unidos<\/strong>, que permite compras de hasta <strong>U$S 200<\/strong> sin IVA en tiendas con sede fiscal en ese pa\u00eds. \u201cA partir del 1\u00ba de mayo de 2026 vas a pagar el IVA en todos los casos, salvo que hagas tres compras a EE.UU. que no excedan los U$S 200; en eso no pag\u00e1s IVA\u201d, explic\u00f3 <strong>Aldo Zignago<\/strong>, de <strong>KPMG<\/strong>.<\/p>\n\n\n\n<p>Durante el debate presupuestal, el llamado <strong>\u201cEfecto Temu\u201d<\/strong> fue uno de los ejes del reclamo de la <strong>C\u00e1mara de Comercio<\/strong>, que estim\u00f3 p\u00e9rdidas millonarias para el <strong>comercio local<\/strong>.<\/p>\n","protected":false},"excerpt":{"rendered":"<p>Los cambios en el r\u00e9gimen de franquicias para compras en el exterior comenzar\u00e1n a regir el 1\u00ba de mayo, seg\u00fan lo dispuesto en la \u00faltima<\/p>\n","protected":false},"author":1,"featured_media":7181,"comment_status":"closed","ping_status":"open","sticky":false,"template":"","format":"standard","meta":{"advgb_blocks_editor_width":"","advgb_blocks_columns_visual_guide":"","footnotes":"","jetpack_publicize_message":"","jetpack_publicize_feature_enabled":true,"jetpack_social_post_already_shared":true,"jetpack_social_options":{"image_generator_settings":{"template":"highway","default_image_id":0,"font":"","enabled":false},"version":2}},"categories":[7],"tags":[],"class_list":["post-7180","post","type-post","status-publish","format-standard","has-post-thumbnail","hentry","category-del-pais"],"author_meta":{"display_name":"Portal","author_link":"https:\/\/portaldeyoung.uy\/index.php\/author\/admin_port\/"},"featured_img":"https:\/\/portaldeyoung.uy\/wp-content\/uploads\/2026\/01\/compras-exterior-300x168.png","jetpack_publicize_connections":[],"coauthors":[],"tax_additional":{"categories":{"linked":["<a href=\"https:\/\/portaldeyoung.uy\/index.php\/category\/del-pais\/\" class=\"advgb-post-tax-term\">Del pa\u00eds<\/a>"],"unlinked":["<span class=\"advgb-post-tax-term\">Del pa\u00eds<\/span>"]}},"comment_count":"0","relative_dates":{"created":"Publicado 4 meses hace","modified":"Actualizado 4 meses hace"},"absolute_dates":{"created":"Publicado el enero 6, 2026","modified":"Actualizado el enero 6, 2026"},"absolute_dates_time":{"created":"Publicado el enero 6, 2026 9:58 am","modified":"Actualizado el enero 6, 2026 9:58 am"},"featured_img_caption":"","series_order":"","_links":{"self":[{"href":"https:\/\/portaldeyoung.uy\/index.php\/wp-json\/wp\/v2\/posts\/7180","targetHints":{"allow":["GET"]}}],"collection":[{"href":"https:\/\/portaldeyoung.uy\/index.php\/wp-json\/wp\/v2\/posts"}],"about":[{"href":"https:\/\/portaldeyoung.uy\/index.php\/wp-json\/wp\/v2\/types\/post"}],"author":[{"embeddable":true,"href":"https:\/\/portaldeyoung.uy\/index.php\/wp-json\/wp\/v2\/users\/1"}],"replies":[{"embeddable":true,"href":"https:\/\/portaldeyoung.uy\/index.php\/wp-json\/wp\/v2\/comments?post=7180"}],"version-history":[{"count":1,"href":"https:\/\/portaldeyoung.uy\/index.php\/wp-json\/wp\/v2\/posts\/7180\/revisions"}],"predecessor-version":[{"id":7182,"href":"https:\/\/portaldeyoung.uy\/index.php\/wp-json\/wp\/v2\/posts\/7180\/revisions\/7182"}],"wp:featuredmedia":[{"embeddable":true,"href":"https:\/\/portaldeyoung.uy\/index.php\/wp-json\/wp\/v2\/media\/7181"}],"wp:attachment":[{"href":"https:\/\/portaldeyoung.uy\/index.php\/wp-json\/wp\/v2\/media?parent=7180"}],"wp:term":[{"taxonomy":"category","embeddable":true,"href":"https:\/\/portaldeyoung.uy\/index.php\/wp-json\/wp\/v2\/categories?post=7180"},{"taxonomy":"post_tag","embeddable":true,"href":"https:\/\/portaldeyoung.uy\/index.php\/wp-json\/wp\/v2\/tags?post=7180"}],"curies":[{"name":"wp","href":"https:\/\/api.w.org\/{rel}","templated":true}]}}