{"id":7166,"date":"2026-01-05T11:37:40","date_gmt":"2026-01-05T11:37:40","guid":{"rendered":"https:\/\/portaldeyoung.uy\/?p=7166"},"modified":"2026-01-06T10:39:36","modified_gmt":"2026-01-06T10:39:36","slug":"young-debuta-el-sabado-17-enfrentando-a-mercedes","status":"publish","type":"post","link":"https:\/\/portaldeyoung.uy\/index.php\/2026\/01\/05\/young-debuta-el-sabado-17-enfrentando-a-mercedes\/","title":{"rendered":"Young debuta el s\u00e1bado 17 enfrentando a Mercedes"},"content":{"rendered":"\n<p>La actividad comenzar\u00e1 el <strong>s\u00e1bado 17 de enero<\/strong>, mientras que la participaci\u00f3n en la fase de grupos se extender\u00e1 hasta el <strong>mi\u00e9rcoles 4 de febrero<\/strong> del pr\u00f3ximo a\u00f1o.<\/p>\n\n\n\n<p>De acuerdo a lo informado, las <strong>semifinales de la Confederaci\u00f3n del Litoral<\/strong> se disputar\u00e1n los d\u00edas <strong>7 y 14 de febrero<\/strong>, enfrentando a los primeros clasificados de cada serie. En tanto, las <strong>finales<\/strong> est\u00e1n previstas para los <strong>d\u00edas 21 y 28 de febrero de 2026<\/strong>.<\/p>\n\n\n\n<h3 class=\"wp-block-heading\">Calendario de R\u00edo Negro Interior (Young)<\/h3>\n\n\n\n<p><strong>Primera Rueda<\/strong><\/p>\n\n\n\n<ul class=\"wp-block-list\">\n<li><strong>Fecha 1 \u2013 S\u00e1bado 17 de enero<\/strong><br>Soriano Capital vs. R\u00edo Negro Interior<\/li>\n\n\n\n<li><strong>Fecha 2 \u2013 Mi\u00e9rcoles 21 de enero<\/strong><br>Soriano Interior vs. R\u00edo Negro Interior<\/li>\n\n\n\n<li><strong>Fecha 3 \u2013 S\u00e1bado 24 de enero<\/strong><br>R\u00edo Negro Interior vs. R\u00edo Negro Capital<\/li>\n<\/ul>\n\n\n\n<p><strong>Segunda Rueda \u2013 Revanchas<\/strong><\/p>\n\n\n\n<ul class=\"wp-block-list\">\n<li><strong>Fecha 4 \u2013 Mi\u00e9rcoles 28 de enero<\/strong><br>R\u00edo Negro Interior vs. Soriano Capital<\/li>\n\n\n\n<li><strong>Fecha 5 \u2013 S\u00e1bado 31 de enero<\/strong><br>R\u00edo Negro Capital vs. R\u00edo Negro Interior<\/li>\n\n\n\n<li><strong>Fecha 6 \u2013 Mi\u00e9rcoles 4 de febrero<\/strong><br>R\u00edo Negro Interior vs. Soriano Interior<\/li>\n<\/ul>\n\n\n\n<p>De esta manera, la selecci\u00f3n de Young (R\u00edo Negro Interior) se prepara para afrontar una exigente serie, con el objetivo de avanzar a las instancias decisivas del campeonato del Litoral organizado por OFI.<\/p>\n","protected":false},"excerpt":{"rendered":"<p>La actividad comenzar\u00e1 el s\u00e1bado 17 de enero, mientras que la participaci\u00f3n en la fase de grupos se extender\u00e1 hasta el mi\u00e9rcoles 4 de febrero<\/p>\n","protected":false},"author":1,"featured_media":183,"comment_status":"closed","ping_status":"open","sticky":false,"template":"","format":"standard","meta":{"advgb_blocks_editor_width":"","advgb_blocks_columns_visual_guide":"","footnotes":"","jetpack_publicize_message":"","jetpack_publicize_feature_enabled":true,"jetpack_social_post_already_shared":true,"jetpack_social_options":{"image_generator_settings":{"template":"highway","default_image_id":0,"font":"","enabled":false},"version":2}},"categories":[5],"tags":[],"class_list":["post-7166","post","type-post","status-publish","format-standard","has-post-thumbnail","hentry","category-de-la-tribuna"],"author_meta":{"display_name":"Portal","author_link":"https:\/\/portaldeyoung.uy\/index.php\/author\/admin_port\/"},"featured_img":"https:\/\/portaldeyoung.uy\/wp-content\/uploads\/2025\/06\/pelota-300x225.jpg","jetpack_publicize_connections":[],"coauthors":[],"tax_additional":{"categories":{"linked":["<a href=\"https:\/\/portaldeyoung.uy\/index.php\/category\/de-la-tribuna\/\" class=\"advgb-post-tax-term\">De la tribuna<\/a>"],"unlinked":["<span class=\"advgb-post-tax-term\">De la tribuna<\/span>"]}},"comment_count":"0","relative_dates":{"created":"Publicado 4 meses hace","modified":"Actualizado 4 meses hace"},"absolute_dates":{"created":"Publicado el enero 5, 2026","modified":"Actualizado el enero 6, 2026"},"absolute_dates_time":{"created":"Publicado el enero 5, 2026 11:37 am","modified":"Actualizado el enero 6, 2026 10:39 am"},"featured_img_caption":"","series_order":"","_links":{"self":[{"href":"https:\/\/portaldeyoung.uy\/index.php\/wp-json\/wp\/v2\/posts\/7166","targetHints":{"allow":["GET"]}}],"collection":[{"href":"https:\/\/portaldeyoung.uy\/index.php\/wp-json\/wp\/v2\/posts"}],"about":[{"href":"https:\/\/portaldeyoung.uy\/index.php\/wp-json\/wp\/v2\/types\/post"}],"author":[{"embeddable":true,"href":"https:\/\/portaldeyoung.uy\/index.php\/wp-json\/wp\/v2\/users\/1"}],"replies":[{"embeddable":true,"href":"https:\/\/portaldeyoung.uy\/index.php\/wp-json\/wp\/v2\/comments?post=7166"}],"version-history":[{"count":2,"href":"https:\/\/portaldeyoung.uy\/index.php\/wp-json\/wp\/v2\/posts\/7166\/revisions"}],"predecessor-version":[{"id":7168,"href":"https:\/\/portaldeyoung.uy\/index.php\/wp-json\/wp\/v2\/posts\/7166\/revisions\/7168"}],"wp:featuredmedia":[{"embeddable":true,"href":"https:\/\/portaldeyoung.uy\/index.php\/wp-json\/wp\/v2\/media\/183"}],"wp:attachment":[{"href":"https:\/\/portaldeyoung.uy\/index.php\/wp-json\/wp\/v2\/media?parent=7166"}],"wp:term":[{"taxonomy":"category","embeddable":true,"href":"https:\/\/portaldeyoung.uy\/index.php\/wp-json\/wp\/v2\/categories?post=7166"},{"taxonomy":"post_tag","embeddable":true,"href":"https:\/\/portaldeyoung.uy\/index.php\/wp-json\/wp\/v2\/tags?post=7166"}],"curies":[{"name":"wp","href":"https:\/\/api.w.org\/{rel}","templated":true}]}}