{"id":7156,"date":"2026-01-05T11:17:22","date_gmt":"2026-01-05T11:17:22","guid":{"rendered":"https:\/\/portaldeyoung.uy\/?p=7156"},"modified":"2026-01-07T12:47:24","modified_gmt":"2026-01-07T12:47:24","slug":"feria-y-campana-de-adopcion-de-mascotas-este-sabado","status":"publish","type":"post","link":"https:\/\/portaldeyoung.uy\/index.php\/2026\/01\/05\/feria-y-campana-de-adopcion-de-mascotas-este-sabado\/","title":{"rendered":"Feria y campa\u00f1a de adopci\u00f3n de mascotas este s\u00e1bado"},"content":{"rendered":"\n<p>Este s\u00e1bado 10 de enero se llevar\u00e1 a cabo una feria y campa\u00f1a de adopci\u00f3n de mascotas, con el objetivo de promover la tenencia responsable y recaudar apoyos para la atenci\u00f3n de animales rescatados.<\/p>\n\n\n\n<p>La actividad se desarrollar\u00e1 de 18:00 a 20:00 horas, frente a Megasoft Inform\u00e1tica, en la esquina de 18 de Julio y R\u00edo Negro. Durante la jornada, los asistentes podr\u00e1n conocer a varios perros en adopci\u00f3n, caracterizados por su buen temperamento y disposici\u00f3n para integrarse a un nuevo hogar.<\/p>\n\n\n\n<p>Cada adopci\u00f3n incluir\u00e1 como aporte solidario una donaci\u00f3n de raci\u00f3n de La Poderosa Raciones. Asimismo, los organizadores recibir\u00e1n todo tipo de donaciones voluntarias que contribuyan a sostener la alimentaci\u00f3n y la atenci\u00f3n veterinaria de los animales.<\/p>\n\n\n\n<p>En el marco de la feria, tambi\u00e9n se ofrecer\u00e1n prendas a la venta, cuya recaudaci\u00f3n ser\u00e1 destinada \u00edntegramente a cubrir gastos de cuidado y asistencia veterinaria de los animales.<\/p>\n\n\n\n<p>La iniciativa busca no solo facilitar adopciones responsables, sino tambi\u00e9n fortalecer el apoyo comunitario a la protecci\u00f3n y el bienestar animal.<\/p>\n\n\n\n<figure class=\"wp-block-image size-large\"><img loading=\"lazy\" decoding=\"async\" width=\"819\" height=\"1024\" src=\"https:\/\/portaldeyoung.uy\/wp-content\/uploads\/2026\/01\/campana-de-adopcion-819x1024.jpg\" alt=\"\" class=\"wp-image-7157\" srcset=\"https:\/\/portaldeyoung.uy\/wp-content\/uploads\/2026\/01\/campana-de-adopcion-819x1024.jpg 819w, https:\/\/portaldeyoung.uy\/wp-content\/uploads\/2026\/01\/campana-de-adopcion-240x300.jpg 240w, https:\/\/portaldeyoung.uy\/wp-content\/uploads\/2026\/01\/campana-de-adopcion-768x960.jpg 768w, https:\/\/portaldeyoung.uy\/wp-content\/uploads\/2026\/01\/campana-de-adopcion.jpg 1080w\" sizes=\"auto, (max-width: 819px) 100vw, 819px\" \/><\/figure>\n","protected":false},"excerpt":{"rendered":"<p>Este s\u00e1bado 10 de enero se llevar\u00e1 a cabo una feria y campa\u00f1a de adopci\u00f3n de mascotas, con el objetivo de promover la tenencia responsable<\/p>\n","protected":false},"author":1,"featured_media":7158,"comment_status":"closed","ping_status":"open","sticky":false,"template":"","format":"standard","meta":{"advgb_blocks_editor_width":"","advgb_blocks_columns_visual_guide":"","footnotes":"","jetpack_publicize_message":"","jetpack_publicize_feature_enabled":true,"jetpack_social_post_already_shared":true,"jetpack_social_options":{"image_generator_settings":{"template":"highway","default_image_id":0,"font":"","enabled":false},"version":2}},"categories":[28],"tags":[],"class_list":["post-7156","post","type-post","status-publish","format-standard","has-post-thumbnail","hentry","category-de-la-ciudad"],"author_meta":{"display_name":"Portal","author_link":"https:\/\/portaldeyoung.uy\/index.php\/author\/admin_port\/"},"featured_img":"https:\/\/portaldeyoung.uy\/wp-content\/uploads\/2026\/01\/mascota-300x145.png","jetpack_publicize_connections":[],"coauthors":[],"tax_additional":{"categories":{"linked":["<a href=\"https:\/\/portaldeyoung.uy\/index.php\/category\/de-la-ciudad\/\" class=\"advgb-post-tax-term\">De la ciudad<\/a>"],"unlinked":["<span class=\"advgb-post-tax-term\">De la ciudad<\/span>"]}},"comment_count":"0","relative_dates":{"created":"Publicado 4 meses hace","modified":"Actualizado 4 meses hace"},"absolute_dates":{"created":"Publicado el enero 5, 2026","modified":"Actualizado el enero 7, 2026"},"absolute_dates_time":{"created":"Publicado el enero 5, 2026 11:17 am","modified":"Actualizado el enero 7, 2026 12:47 pm"},"featured_img_caption":"","series_order":"","_links":{"self":[{"href":"https:\/\/portaldeyoung.uy\/index.php\/wp-json\/wp\/v2\/posts\/7156","targetHints":{"allow":["GET"]}}],"collection":[{"href":"https:\/\/portaldeyoung.uy\/index.php\/wp-json\/wp\/v2\/posts"}],"about":[{"href":"https:\/\/portaldeyoung.uy\/index.php\/wp-json\/wp\/v2\/types\/post"}],"author":[{"embeddable":true,"href":"https:\/\/portaldeyoung.uy\/index.php\/wp-json\/wp\/v2\/users\/1"}],"replies":[{"embeddable":true,"href":"https:\/\/portaldeyoung.uy\/index.php\/wp-json\/wp\/v2\/comments?post=7156"}],"version-history":[{"count":1,"href":"https:\/\/portaldeyoung.uy\/index.php\/wp-json\/wp\/v2\/posts\/7156\/revisions"}],"predecessor-version":[{"id":7159,"href":"https:\/\/portaldeyoung.uy\/index.php\/wp-json\/wp\/v2\/posts\/7156\/revisions\/7159"}],"wp:featuredmedia":[{"embeddable":true,"href":"https:\/\/portaldeyoung.uy\/index.php\/wp-json\/wp\/v2\/media\/7158"}],"wp:attachment":[{"href":"https:\/\/portaldeyoung.uy\/index.php\/wp-json\/wp\/v2\/media?parent=7156"}],"wp:term":[{"taxonomy":"category","embeddable":true,"href":"https:\/\/portaldeyoung.uy\/index.php\/wp-json\/wp\/v2\/categories?post=7156"},{"taxonomy":"post_tag","embeddable":true,"href":"https:\/\/portaldeyoung.uy\/index.php\/wp-json\/wp\/v2\/tags?post=7156"}],"curies":[{"name":"wp","href":"https:\/\/api.w.org\/{rel}","templated":true}]}}