{"id":7142,"date":"2026-01-05T10:43:30","date_gmt":"2026-01-05T10:43:30","guid":{"rendered":"https:\/\/portaldeyoung.uy\/?p=7142"},"modified":"2026-01-05T10:43:33","modified_gmt":"2026-01-05T10:43:33","slug":"tarifas-temporada-2026-camping-las-canas","status":"publish","type":"post","link":"https:\/\/portaldeyoung.uy\/index.php\/2026\/01\/05\/tarifas-temporada-2026-camping-las-canas\/","title":{"rendered":"Tarifas Temporada 2026 \u2013 Camping Las Ca\u00f1as"},"content":{"rendered":"\n<p><strong>Ya est\u00e1n vigentes las tarifas para la temporada 2026, con valores diferenciados seg\u00fan tipo de alojamiento, cantidad de personas y condici\u00f3n de radicaci\u00f3n en R\u00edo Negro.<\/strong><\/p>\n\n\n\n<p>Se aplican bonificaciones por estad\u00edas prolongadas y menores de 8 a\u00f1os no abonan.<\/p>\n\n\n\n<p> M\u00e1s informaci\u00f3n: Administraci\u00f3n Camping Las Ca\u00f1as<br> (+598) 1935 1856<\/p>\n\n\n\n<figure class=\"wp-block-image size-large\"><img loading=\"lazy\" decoding=\"async\" width=\"1024\" height=\"768\" src=\"https:\/\/portaldeyoung.uy\/wp-content\/uploads\/2026\/01\/tarifas-las-canas-1024x768.jpeg\" alt=\"\" class=\"wp-image-7143\" srcset=\"https:\/\/portaldeyoung.uy\/wp-content\/uploads\/2026\/01\/tarifas-las-canas-1024x768.jpeg 1024w, https:\/\/portaldeyoung.uy\/wp-content\/uploads\/2026\/01\/tarifas-las-canas-300x225.jpeg 300w, https:\/\/portaldeyoung.uy\/wp-content\/uploads\/2026\/01\/tarifas-las-canas-768x576.jpeg 768w, https:\/\/portaldeyoung.uy\/wp-content\/uploads\/2026\/01\/tarifas-las-canas-1536x1151.jpeg 1536w, https:\/\/portaldeyoung.uy\/wp-content\/uploads\/2026\/01\/tarifas-las-canas-2048x1535.jpeg 2048w, https:\/\/portaldeyoung.uy\/wp-content\/uploads\/2026\/01\/tarifas-las-canas-800x600.jpeg 800w\" sizes=\"auto, (max-width: 1024px) 100vw, 1024px\" \/><\/figure>\n","protected":false},"excerpt":{"rendered":"<p>Ya est\u00e1n vigentes las tarifas para la temporada 2026, con valores diferenciados seg\u00fan tipo de alojamiento, cantidad de personas y condici\u00f3n de radicaci\u00f3n en R\u00edo<\/p>\n","protected":false},"author":1,"featured_media":7144,"comment_status":"closed","ping_status":"open","sticky":false,"template":"","format":"standard","meta":{"advgb_blocks_editor_width":"","advgb_blocks_columns_visual_guide":"","footnotes":"","jetpack_publicize_message":"","jetpack_publicize_feature_enabled":true,"jetpack_social_post_already_shared":true,"jetpack_social_options":{"image_generator_settings":{"template":"highway","default_image_id":0,"font":"","enabled":false},"version":2}},"categories":[6],"tags":[],"class_list":["post-7142","post","type-post","status-publish","format-standard","has-post-thumbnail","hentry","category-del-departamento"],"author_meta":{"display_name":"Portal","author_link":"https:\/\/portaldeyoung.uy\/index.php\/author\/admin_port\/"},"featured_img":"https:\/\/portaldeyoung.uy\/wp-content\/uploads\/2026\/01\/las-canas-300x168.jpg","jetpack_publicize_connections":[],"coauthors":[],"tax_additional":{"categories":{"linked":["<a href=\"https:\/\/portaldeyoung.uy\/index.php\/category\/del-departamento\/\" class=\"advgb-post-tax-term\">Del departamento<\/a>"],"unlinked":["<span class=\"advgb-post-tax-term\">Del departamento<\/span>"]}},"comment_count":"0","relative_dates":{"created":"Publicado 4 meses hace","modified":"Actualizado 4 meses hace"},"absolute_dates":{"created":"Publicado el enero 5, 2026","modified":"Actualizado el enero 5, 2026"},"absolute_dates_time":{"created":"Publicado el enero 5, 2026 10:43 am","modified":"Actualizado el enero 5, 2026 10:43 am"},"featured_img_caption":"","series_order":"","_links":{"self":[{"href":"https:\/\/portaldeyoung.uy\/index.php\/wp-json\/wp\/v2\/posts\/7142","targetHints":{"allow":["GET"]}}],"collection":[{"href":"https:\/\/portaldeyoung.uy\/index.php\/wp-json\/wp\/v2\/posts"}],"about":[{"href":"https:\/\/portaldeyoung.uy\/index.php\/wp-json\/wp\/v2\/types\/post"}],"author":[{"embeddable":true,"href":"https:\/\/portaldeyoung.uy\/index.php\/wp-json\/wp\/v2\/users\/1"}],"replies":[{"embeddable":true,"href":"https:\/\/portaldeyoung.uy\/index.php\/wp-json\/wp\/v2\/comments?post=7142"}],"version-history":[{"count":1,"href":"https:\/\/portaldeyoung.uy\/index.php\/wp-json\/wp\/v2\/posts\/7142\/revisions"}],"predecessor-version":[{"id":7145,"href":"https:\/\/portaldeyoung.uy\/index.php\/wp-json\/wp\/v2\/posts\/7142\/revisions\/7145"}],"wp:featuredmedia":[{"embeddable":true,"href":"https:\/\/portaldeyoung.uy\/index.php\/wp-json\/wp\/v2\/media\/7144"}],"wp:attachment":[{"href":"https:\/\/portaldeyoung.uy\/index.php\/wp-json\/wp\/v2\/media?parent=7142"}],"wp:term":[{"taxonomy":"category","embeddable":true,"href":"https:\/\/portaldeyoung.uy\/index.php\/wp-json\/wp\/v2\/categories?post=7142"},{"taxonomy":"post_tag","embeddable":true,"href":"https:\/\/portaldeyoung.uy\/index.php\/wp-json\/wp\/v2\/tags?post=7142"}],"curies":[{"name":"wp","href":"https:\/\/api.w.org\/{rel}","templated":true}]}}