{"id":7072,"date":"2025-12-24T13:57:36","date_gmt":"2025-12-24T13:57:36","guid":{"rendered":"https:\/\/portaldeyoung.uy\/?p=7072"},"modified":"2025-12-24T13:57:38","modified_gmt":"2025-12-24T13:57:38","slug":"las-canas-fue-sede-del-campeonato-de-futbol-playa","status":"publish","type":"post","link":"https:\/\/portaldeyoung.uy\/index.php\/2025\/12\/24\/las-canas-fue-sede-del-campeonato-de-futbol-playa\/","title":{"rendered":"Las Ca\u00f1as fue sede del Campeonato de F\u00fatbol Playa"},"content":{"rendered":"\n<p><strong>La Intendencia informa que el  balneario Las Ca\u00f1as fue escenario de una nueva edici\u00f3n del Campeonato de F\u00fatbol Playa, una propuesta deportiva que combin\u00f3 competencia, recreaci\u00f3n y encuentro comunitario en uno de los principales espacios tur\u00edsticos del departamento<\/strong>.<\/p>\n\n\n\n<p>La actividad se desarroll\u00f3 durante el viernes 19, s\u00e1bado 20 y domingo 21 de diciembre, con partidos disputados a lo largo de cada jornada, convocando a equipos y p\u00fablico en un entorno natural privilegiado, a orillas del r\u00edo Uruguay.<\/p>\n\n\n\n<p>El Campeonato de F\u00fatbol Playa, organizado por Garufa F. C. con el apoyo de la Intendencia de R\u00edo Negro, se enmarc\u00f3 en las acciones que promueven el deporte, el uso del espacio p\u00fablico y los h\u00e1bitos de vida saludable, generando adem\u00e1s movimiento y atractivo en el balneario durante la temporada estival.<\/p>\n","protected":false},"excerpt":{"rendered":"<p>La Intendencia informa que el balneario Las Ca\u00f1as fue escenario de una nueva edici\u00f3n del Campeonato de F\u00fatbol Playa, una propuesta deportiva que combin\u00f3 competencia,<\/p>\n","protected":false},"author":1,"featured_media":7073,"comment_status":"closed","ping_status":"open","sticky":false,"template":"","format":"standard","meta":{"advgb_blocks_editor_width":"","advgb_blocks_columns_visual_guide":"","footnotes":"","jetpack_publicize_message":"","jetpack_publicize_feature_enabled":true,"jetpack_social_post_already_shared":true,"jetpack_social_options":{"image_generator_settings":{"template":"highway","default_image_id":0,"font":"","enabled":false},"version":2}},"categories":[5],"tags":[],"class_list":["post-7072","post","type-post","status-publish","format-standard","has-post-thumbnail","hentry","category-de-la-tribuna"],"author_meta":{"display_name":"Portal","author_link":"https:\/\/portaldeyoung.uy\/index.php\/author\/admin_port\/"},"featured_img":"https:\/\/portaldeyoung.uy\/wp-content\/uploads\/2025\/12\/futbol-playa-las-canas-300x169.jpeg","jetpack_publicize_connections":[],"coauthors":[],"tax_additional":{"categories":{"linked":["<a href=\"https:\/\/portaldeyoung.uy\/index.php\/category\/de-la-tribuna\/\" class=\"advgb-post-tax-term\">De la tribuna<\/a>"],"unlinked":["<span class=\"advgb-post-tax-term\">De la tribuna<\/span>"]}},"comment_count":"0","relative_dates":{"created":"Publicado 4 meses hace","modified":"Actualizado 4 meses hace"},"absolute_dates":{"created":"Publicado el diciembre 24, 2025","modified":"Actualizado el diciembre 24, 2025"},"absolute_dates_time":{"created":"Publicado el diciembre 24, 2025 1:57 pm","modified":"Actualizado el diciembre 24, 2025 1:57 pm"},"featured_img_caption":"","series_order":"","_links":{"self":[{"href":"https:\/\/portaldeyoung.uy\/index.php\/wp-json\/wp\/v2\/posts\/7072","targetHints":{"allow":["GET"]}}],"collection":[{"href":"https:\/\/portaldeyoung.uy\/index.php\/wp-json\/wp\/v2\/posts"}],"about":[{"href":"https:\/\/portaldeyoung.uy\/index.php\/wp-json\/wp\/v2\/types\/post"}],"author":[{"embeddable":true,"href":"https:\/\/portaldeyoung.uy\/index.php\/wp-json\/wp\/v2\/users\/1"}],"replies":[{"embeddable":true,"href":"https:\/\/portaldeyoung.uy\/index.php\/wp-json\/wp\/v2\/comments?post=7072"}],"version-history":[{"count":1,"href":"https:\/\/portaldeyoung.uy\/index.php\/wp-json\/wp\/v2\/posts\/7072\/revisions"}],"predecessor-version":[{"id":7074,"href":"https:\/\/portaldeyoung.uy\/index.php\/wp-json\/wp\/v2\/posts\/7072\/revisions\/7074"}],"wp:featuredmedia":[{"embeddable":true,"href":"https:\/\/portaldeyoung.uy\/index.php\/wp-json\/wp\/v2\/media\/7073"}],"wp:attachment":[{"href":"https:\/\/portaldeyoung.uy\/index.php\/wp-json\/wp\/v2\/media?parent=7072"}],"wp:term":[{"taxonomy":"category","embeddable":true,"href":"https:\/\/portaldeyoung.uy\/index.php\/wp-json\/wp\/v2\/categories?post=7072"},{"taxonomy":"post_tag","embeddable":true,"href":"https:\/\/portaldeyoung.uy\/index.php\/wp-json\/wp\/v2\/tags?post=7072"}],"curies":[{"name":"wp","href":"https:\/\/api.w.org\/{rel}","templated":true}]}}