{"id":7044,"date":"2025-12-23T10:43:41","date_gmt":"2025-12-23T10:43:41","guid":{"rendered":"https:\/\/portaldeyoung.uy\/?p=7044"},"modified":"2025-12-23T10:43:44","modified_gmt":"2025-12-23T10:43:44","slug":"actuaciones-policiales-por-herido-de-arma-de-fuego-en-fray-bentos","status":"publish","type":"post","link":"https:\/\/portaldeyoung.uy\/index.php\/2025\/12\/23\/actuaciones-policiales-por-herido-de-arma-de-fuego-en-fray-bentos\/","title":{"rendered":"Actuaciones policiales por herido de arma de fuego en Fray Bentos"},"content":{"rendered":"\n<p>Un hombre mayor de edad result\u00f3 herido por disparos de arma de fuego en un hecho ocurrido en la ciudad de Fray Bentos, lo que motiv\u00f3 un r\u00e1pido despliegue policial y actuaciones a nivel judicial.<\/p>\n\n\n\n<p>Seg\u00fan informaci\u00f3n policial, en momentos en que personal de la Seccional Segunda realizaba recorridas de rutina por la jurisdicci\u00f3n, en inmediaciones de las calles Jacarand\u00e1 y Tala, los efectivos fueron interceptados por un vecino que solicit\u00f3 colaboraci\u00f3n al advertir que un hombre se encontraba herido a la altura de la cadera, presentando tres impactos de arma de fuego.<\/p>\n\n\n\n<p>De acuerdo a los primeros datos recabados, el ataque se habr\u00eda producido en calles Rivera y M\u2019Burucuy\u00e1, donde la v\u00edctima fue abordada por dos personas que se desplazaban en una motocicleta. El herido fue trasladado de inmediato a un centro asistencial, donde recibi\u00f3 atenci\u00f3n m\u00e9dica y qued\u00f3 internado.<\/p>\n\n\n\n<p>Enterada la Fiscal\u00eda competente, dispuso la realizaci\u00f3n del relevamiento de rigor en el lugar del hecho y la coordinaci\u00f3n con el personal m\u00e9dico para el seguimiento del estado de salud de la v\u00edctima.<\/p>\n\n\n\n<p>En el marco de un operativo desplegado en las inmediaciones minutos despu\u00e9s del ataque, efectivos policiales identificaron un taxi en el que viajaban un hombre y una mujer, cuya actitud llam\u00f3 la atenci\u00f3n de los funcionarios. Tras proceder a su identificaci\u00f3n e inspecci\u00f3n del veh\u00edculo, se incautaron dos armas de fuego que podr\u00edan estar vinculadas al hecho investigado.<\/p>\n\n\n\n<p>Como resultado del procedimiento, la mujer qued\u00f3 detenida a disposici\u00f3n de la Fiscal\u00eda, mientras que el hombre fue puesto en libertad. La investigaci\u00f3n contin\u00faa en curso a fin de determinar las responsabilidades y el grado de participaci\u00f3n de los involucrados en el episodio.<\/p>\n","protected":false},"excerpt":{"rendered":"<p>Un hombre mayor de edad result\u00f3 herido por disparos de arma de fuego en un hecho ocurrido en la ciudad de Fray Bentos, lo que<\/p>\n","protected":false},"author":1,"featured_media":4214,"comment_status":"closed","ping_status":"open","sticky":false,"template":"","format":"standard","meta":{"advgb_blocks_editor_width":"","advgb_blocks_columns_visual_guide":"","footnotes":"","jetpack_publicize_message":"","jetpack_publicize_feature_enabled":true,"jetpack_social_post_already_shared":true,"jetpack_social_options":{"image_generator_settings":{"template":"highway","default_image_id":0,"font":"","enabled":false},"version":2}},"categories":[6],"tags":[],"class_list":["post-7044","post","type-post","status-publish","format-standard","has-post-thumbnail","hentry","category-del-departamento"],"author_meta":{"display_name":"Portal","author_link":"https:\/\/portaldeyoung.uy\/index.php\/author\/admin_port\/"},"featured_img":"https:\/\/portaldeyoung.uy\/wp-content\/uploads\/2025\/10\/Policia-movil-300x162.png","jetpack_publicize_connections":[],"coauthors":[],"tax_additional":{"categories":{"linked":["<a href=\"https:\/\/portaldeyoung.uy\/index.php\/category\/del-departamento\/\" class=\"advgb-post-tax-term\">Del departamento<\/a>"],"unlinked":["<span class=\"advgb-post-tax-term\">Del departamento<\/span>"]}},"comment_count":"0","relative_dates":{"created":"Publicado 4 meses hace","modified":"Actualizado 4 meses hace"},"absolute_dates":{"created":"Publicado el diciembre 23, 2025","modified":"Actualizado el diciembre 23, 2025"},"absolute_dates_time":{"created":"Publicado el diciembre 23, 2025 10:43 am","modified":"Actualizado el diciembre 23, 2025 10:43 am"},"featured_img_caption":"","series_order":"","_links":{"self":[{"href":"https:\/\/portaldeyoung.uy\/index.php\/wp-json\/wp\/v2\/posts\/7044","targetHints":{"allow":["GET"]}}],"collection":[{"href":"https:\/\/portaldeyoung.uy\/index.php\/wp-json\/wp\/v2\/posts"}],"about":[{"href":"https:\/\/portaldeyoung.uy\/index.php\/wp-json\/wp\/v2\/types\/post"}],"author":[{"embeddable":true,"href":"https:\/\/portaldeyoung.uy\/index.php\/wp-json\/wp\/v2\/users\/1"}],"replies":[{"embeddable":true,"href":"https:\/\/portaldeyoung.uy\/index.php\/wp-json\/wp\/v2\/comments?post=7044"}],"version-history":[{"count":1,"href":"https:\/\/portaldeyoung.uy\/index.php\/wp-json\/wp\/v2\/posts\/7044\/revisions"}],"predecessor-version":[{"id":7045,"href":"https:\/\/portaldeyoung.uy\/index.php\/wp-json\/wp\/v2\/posts\/7044\/revisions\/7045"}],"wp:featuredmedia":[{"embeddable":true,"href":"https:\/\/portaldeyoung.uy\/index.php\/wp-json\/wp\/v2\/media\/4214"}],"wp:attachment":[{"href":"https:\/\/portaldeyoung.uy\/index.php\/wp-json\/wp\/v2\/media?parent=7044"}],"wp:term":[{"taxonomy":"category","embeddable":true,"href":"https:\/\/portaldeyoung.uy\/index.php\/wp-json\/wp\/v2\/categories?post=7044"},{"taxonomy":"post_tag","embeddable":true,"href":"https:\/\/portaldeyoung.uy\/index.php\/wp-json\/wp\/v2\/tags?post=7044"}],"curies":[{"name":"wp","href":"https:\/\/api.w.org\/{rel}","templated":true}]}}