{"id":7041,"date":"2025-12-23T10:35:17","date_gmt":"2025-12-23T10:35:17","guid":{"rendered":"https:\/\/portaldeyoung.uy\/?p=7041"},"modified":"2025-12-24T14:21:26","modified_gmt":"2025-12-24T14:21:26","slug":"se-reunio-el-comite-departamental-de-emergencia-por-la-situacion-epidemiologica-del-sarampion","status":"publish","type":"post","link":"https:\/\/portaldeyoung.uy\/index.php\/2025\/12\/23\/se-reunio-el-comite-departamental-de-emergencia-por-la-situacion-epidemiologica-del-sarampion\/","title":{"rendered":"Se reuni\u00f3 el Comit\u00e9 Departamental de Emergencia por la situaci\u00f3n epidemiol\u00f3gica del sarampi\u00f3n"},"content":{"rendered":"\n<h4 class=\"wp-block-heading\">El Comit\u00e9 Departamental de Emergencia de R\u00edo Negro, encabezado por el Intendente Guillermo Levratto, se reuni\u00f3 con autoridades del Ministerio de Salud P\u00fablica para analizar la situaci\u00f3n epidemiol\u00f3gica vinculada a los casos de sarampi\u00f3n registrados en el departamento y coordinar las acciones correspondientes.<\/h4>\n\n\n\n<p>Participaron del encuentro la Directora Nacional de Salud, Dra. Fernanda Nozar; la Directora General de Coordinaci\u00f3n del Ministerio, Dra. Zaida Arteta; y la Directora de Epidemiolog\u00eda, Lic. Nataly Rodr\u00edguez, quienes se hicieron presentes en R\u00edo Negro para interiorizarse sobre el escenario sanitario y reforzar el trabajo conjunto con las autoridades departamentales.<\/p>\n\n\n\n<p>Actualmente, cuatro personas se encuentran cursando la enfermedad. Desde el Ministerio de Salud P\u00fablica se inform\u00f3 que todos los casos est\u00e1n identificados, con seguimiento de contactos y monitoreo permanente, y que la situaci\u00f3n se encuentra controlada, sin circulaci\u00f3n comunitaria del virus.<\/p>\n\n\n\n<p>Las autoridades sanitarias reiteraron la importancia de verificar y completar el esquema de vacunaci\u00f3n, en particular contar con las dos dosis de la vacuna contra el sarampi\u00f3n. En caso de no tener el esquema completo, se exhorta a concurrir a los vacunatorios habilitados.<\/p>\n\n\n\n<p>Asimismo, equipos del Ministerio de Salud P\u00fablica se encuentran realizando recorridas casa por casa, con el objetivo de brindar informaci\u00f3n a la poblaci\u00f3n, facilitar el acceso a la vacunaci\u00f3n y detectar de forma temprana posibles s\u00edntomas compatibles con la enfermedad.<\/p>\n\n\n\n<p>Finalmente, se exhorta a la poblaci\u00f3n mantenerse informada a trav\u00e9s de los canales oficiales y seguir las indicaciones de las autoridades sanitarias, reafirmando que R\u00edo Negro contin\u00faa siendo un territorio cuidado, con coordinaci\u00f3n permanente y acciones preventivas en marcha.<\/p>\n","protected":false},"excerpt":{"rendered":"<p>El Comit\u00e9 Departamental de Emergencia de R\u00edo Negro, encabezado por el Intendente Guillermo Levratto, se reuni\u00f3 con autoridades del Ministerio de Salud P\u00fablica para analizar<\/p>\n","protected":false},"author":1,"featured_media":7042,"comment_status":"closed","ping_status":"open","sticky":false,"template":"","format":"standard","meta":{"advgb_blocks_editor_width":"","advgb_blocks_columns_visual_guide":"","footnotes":"","jetpack_publicize_message":"","jetpack_publicize_feature_enabled":true,"jetpack_social_post_already_shared":true,"jetpack_social_options":{"image_generator_settings":{"template":"highway","default_image_id":0,"font":"","enabled":false},"version":2}},"categories":[29],"tags":[],"class_list":["post-7041","post","type-post","status-publish","format-standard","has-post-thumbnail","hentry","category-del-territorio"],"author_meta":{"display_name":"Portal","author_link":"https:\/\/portaldeyoung.uy\/index.php\/author\/admin_port\/"},"featured_img":"https:\/\/portaldeyoung.uy\/wp-content\/uploads\/2025\/12\/CECOED-Sarampion-300x168.jpeg","jetpack_publicize_connections":[],"coauthors":[],"tax_additional":{"categories":{"linked":["<a href=\"https:\/\/portaldeyoung.uy\/index.php\/category\/del-territorio\/\" class=\"advgb-post-tax-term\">Del territorio<\/a>"],"unlinked":["<span class=\"advgb-post-tax-term\">Del territorio<\/span>"]}},"comment_count":"0","relative_dates":{"created":"Publicado 4 meses hace","modified":"Actualizado 4 meses hace"},"absolute_dates":{"created":"Publicado el diciembre 23, 2025","modified":"Actualizado el diciembre 24, 2025"},"absolute_dates_time":{"created":"Publicado el diciembre 23, 2025 10:35 am","modified":"Actualizado el diciembre 24, 2025 2:21 pm"},"featured_img_caption":"","series_order":"","_links":{"self":[{"href":"https:\/\/portaldeyoung.uy\/index.php\/wp-json\/wp\/v2\/posts\/7041","targetHints":{"allow":["GET"]}}],"collection":[{"href":"https:\/\/portaldeyoung.uy\/index.php\/wp-json\/wp\/v2\/posts"}],"about":[{"href":"https:\/\/portaldeyoung.uy\/index.php\/wp-json\/wp\/v2\/types\/post"}],"author":[{"embeddable":true,"href":"https:\/\/portaldeyoung.uy\/index.php\/wp-json\/wp\/v2\/users\/1"}],"replies":[{"embeddable":true,"href":"https:\/\/portaldeyoung.uy\/index.php\/wp-json\/wp\/v2\/comments?post=7041"}],"version-history":[{"count":1,"href":"https:\/\/portaldeyoung.uy\/index.php\/wp-json\/wp\/v2\/posts\/7041\/revisions"}],"predecessor-version":[{"id":7043,"href":"https:\/\/portaldeyoung.uy\/index.php\/wp-json\/wp\/v2\/posts\/7041\/revisions\/7043"}],"wp:featuredmedia":[{"embeddable":true,"href":"https:\/\/portaldeyoung.uy\/index.php\/wp-json\/wp\/v2\/media\/7042"}],"wp:attachment":[{"href":"https:\/\/portaldeyoung.uy\/index.php\/wp-json\/wp\/v2\/media?parent=7041"}],"wp:term":[{"taxonomy":"category","embeddable":true,"href":"https:\/\/portaldeyoung.uy\/index.php\/wp-json\/wp\/v2\/categories?post=7041"},{"taxonomy":"post_tag","embeddable":true,"href":"https:\/\/portaldeyoung.uy\/index.php\/wp-json\/wp\/v2\/tags?post=7041"}],"curies":[{"name":"wp","href":"https:\/\/api.w.org\/{rel}","templated":true}]}}