{"id":7038,"date":"2025-12-23T10:32:42","date_gmt":"2025-12-23T10:32:42","guid":{"rendered":"https:\/\/portaldeyoung.uy\/?p=7038"},"modified":"2025-12-23T10:32:45","modified_gmt":"2025-12-23T10:32:45","slug":"murio-vergan-perro-del-k9-que-hizo-historia-en-la-profesionalizacion-del-adiestramiento-canino-el-honor-tambien-camina-en-cuatro-patas","status":"publish","type":"post","link":"https:\/\/portaldeyoung.uy\/index.php\/2025\/12\/23\/murio-vergan-perro-del-k9-que-hizo-historia-en-la-profesionalizacion-del-adiestramiento-canino-el-honor-tambien-camina-en-cuatro-patas\/","title":{"rendered":"Muri\u00f3 Vergan, perro del K9 que hizo historia en la profesionalizaci\u00f3n del adiestramiento canino: \u00abEl honor tambi\u00e9n camina en cuatro patas\u00bb"},"content":{"rendered":"\n<p>El sindicato de la Guardia Republicana realiz\u00f3 un homenaje al animal en el que destac\u00f3 Vergan pas\u00f3 a otro plano, pero deja huella.<\/p>\n\n\n\n<p>La <strong>Guardia Republicana<\/strong> despidi\u00f3 a Vergan un <strong>perro<\/strong> de trabajo del K9 que fue parte de un momento hist\u00f3rico para la Polic\u00eda Nacional en la profesionalizaci\u00f3n del adiestramiento canino policial.<\/p>\n\n\n\n<p>\u00abHoy pas\u00f3 a otro plano un compa\u00f1ero silencioso, pero fundamental. Hoy despedimos a Vergan, Can K9 de la Guardia Republicana, un nombre que no figura en legajos comunes, pero que qued\u00f3 grabado en la historia del inicio y consolidaci\u00f3n del K9 en Uruguay\u00bb, comienza diciendo el comunicado publicado en la red social X del sindicato de la Guardia Republicana.<\/p>\n\n\n\n<p>Vergan no fue solo un perro de trabajo si no que fue parte de un momento hist\u00f3rico para la Polic\u00eda Nacional y para la Guardia Republicana junto a su gu\u00eda, el cabo Quedri M\u00e1rquez.<\/p>\n\n\n\n<p>Seg\u00fan cuenta el comunicado, ambos marcaron un antes y un despu\u00e9s en la profesionalizaci\u00f3n del adiestramiento canino policial.<\/p>\n\n\n\n<p>\u00abEn los a\u00f1os en que el K9 a\u00fan daba sus primeros pasos firmes en nuestro pa\u00eds, Vergan y M\u00e1rquez viajaron a Rusia para realizar un curso de alto nivel, in\u00e9dito hasta ese momento para la Guardia Republicana. Ese entrenamiento no fue simb\u00f3lico: fue exigente, extremo y formativo, y coloc\u00f3 a Uruguay en contacto directo con una de las escuelas m\u00e1s avanzadas del mundo en trabajo canino policial. Lo aprendido all\u00ed se volc\u00f3 luego en la formaci\u00f3n, en el servicio y en la base de lo que hoy es el K9 en nuestro pa\u00eds\u00bb.<\/p>\n\n\n\n<p>Desde el sindicato recuerdan que la historia no fue solo de logros, hubo tambi\u00e9n hubo momentos dif\u00edciles como la separaci\u00f3n de ambos. Se reencontraron a\u00f1os m\u00e1s tarde y, seg\u00fan comentaron, fue la prueba de algo que no se entrena ni se ordena: la lealtad. All\u00ed qued\u00f3 claro que Vergan no olvid\u00f3, y que M\u00e1rquez tampoco.<\/p>\n\n\n\n<p>\u00abEse momento resumi\u00f3 lo que significa el trabajo K9: confianza absoluta, compa\u00f1erismo real y un lazo que va m\u00e1s all\u00e1 del servicio activo. Hoy, con la partida de Vergan, el cabo M\u00e1rquez y todos nosotros nos sumamos a este homenaje. Porque Vergan representa a todos los perros K9 que trabajaron sin reconocimiento p\u00fablico, que cuidaron a otros poniendo su cuerpo primero, y que fueron parte de la historia grande desde el silencio. Vergan pas\u00f3 a otro plano, pero deja huella. En la Guardia Republicana. En el K9 uruguayo. Y en quienes saben que el honor tambi\u00e9n camina en cuatro patas. Hasta siempre, Vergan. Gracias por el servicio, la lealtad y la historia\u00bb, finaliza el comunicado.<\/p>\n\n\n\n<figure class=\"wp-block-embed is-type-rich is-provider-twitter wp-block-embed-twitter\"><div class=\"wp-block-embed__wrapper\">\n<blockquote class=\"twitter-tweet\" data-width=\"550\" data-dnt=\"true\"><p lang=\"es\" dir=\"ltr\">\ud83d\udd6f\ufe0f \ud835\ude43\ud835\ude64\ud835\ude62\ud835\ude5a\ud835\ude63\ud835\ude56\ud835\ude5f\ud835\ude5a \ud835\ude56\ud835\ude61 \ud835\ude469 \ud835\ude51\ud835\ude5a\ud835\ude67\ud835\ude5c\ud835\ude56\ud835\ude63<br><br>Hoy pas\u00f3 a otro plano un compa\u00f1ero silencioso, pero fundamental.<br>Hoy despedimos a Vergan, Can K9 de la Guardia Republicana, un nombre que no figura en legajos comunes, pero que qued\u00f3 grabado en la historia del inicio y consolidaci\u00f3n del\u2026 <a href=\"https:\/\/t.co\/9W4ZaEz1vF\">pic.twitter.com\/9W4ZaEz1vF<\/a><\/p>&mdash; SINDICATO DE LA GUARDIA REPUBLICANA (@UniPolgr) <a href=\"https:\/\/twitter.com\/UniPolgr\/status\/2002427978790117636?ref_src=twsrc%5Etfw\">December 20, 2025<\/a><\/blockquote><script async src=\"https:\/\/platform.twitter.com\/widgets.js\" charset=\"utf-8\"><\/script>\n<\/div><\/figure>\n\n\n\n<p><em>*Subrayado<\/em><\/p>\n","protected":false},"excerpt":{"rendered":"<p>El sindicato de la Guardia Republicana realiz\u00f3 un homenaje al animal en el que destac\u00f3 Vergan pas\u00f3 a otro plano, pero deja huella. La Guardia<\/p>\n","protected":false},"author":1,"featured_media":7039,"comment_status":"closed","ping_status":"open","sticky":false,"template":"","format":"standard","meta":{"advgb_blocks_editor_width":"","advgb_blocks_columns_visual_guide":"","footnotes":"","jetpack_publicize_message":"","jetpack_publicize_feature_enabled":true,"jetpack_social_post_already_shared":true,"jetpack_social_options":{"image_generator_settings":{"template":"highway","default_image_id":0,"font":"","enabled":false},"version":2}},"categories":[7],"tags":[],"class_list":["post-7038","post","type-post","status-publish","format-standard","has-post-thumbnail","hentry","category-del-pais"],"author_meta":{"display_name":"Portal","author_link":"https:\/\/portaldeyoung.uy\/index.php\/author\/admin_port\/"},"featured_img":"https:\/\/portaldeyoung.uy\/wp-content\/uploads\/2025\/12\/perro-vergan-300x192.png","jetpack_publicize_connections":[],"coauthors":[],"tax_additional":{"categories":{"linked":["<a href=\"https:\/\/portaldeyoung.uy\/index.php\/category\/del-pais\/\" class=\"advgb-post-tax-term\">Del pa\u00eds<\/a>"],"unlinked":["<span class=\"advgb-post-tax-term\">Del pa\u00eds<\/span>"]}},"comment_count":"0","relative_dates":{"created":"Publicado 4 meses hace","modified":"Actualizado 4 meses hace"},"absolute_dates":{"created":"Publicado el diciembre 23, 2025","modified":"Actualizado el diciembre 23, 2025"},"absolute_dates_time":{"created":"Publicado el diciembre 23, 2025 10:32 am","modified":"Actualizado el diciembre 23, 2025 10:32 am"},"featured_img_caption":"","series_order":"","_links":{"self":[{"href":"https:\/\/portaldeyoung.uy\/index.php\/wp-json\/wp\/v2\/posts\/7038","targetHints":{"allow":["GET"]}}],"collection":[{"href":"https:\/\/portaldeyoung.uy\/index.php\/wp-json\/wp\/v2\/posts"}],"about":[{"href":"https:\/\/portaldeyoung.uy\/index.php\/wp-json\/wp\/v2\/types\/post"}],"author":[{"embeddable":true,"href":"https:\/\/portaldeyoung.uy\/index.php\/wp-json\/wp\/v2\/users\/1"}],"replies":[{"embeddable":true,"href":"https:\/\/portaldeyoung.uy\/index.php\/wp-json\/wp\/v2\/comments?post=7038"}],"version-history":[{"count":1,"href":"https:\/\/portaldeyoung.uy\/index.php\/wp-json\/wp\/v2\/posts\/7038\/revisions"}],"predecessor-version":[{"id":7040,"href":"https:\/\/portaldeyoung.uy\/index.php\/wp-json\/wp\/v2\/posts\/7038\/revisions\/7040"}],"wp:featuredmedia":[{"embeddable":true,"href":"https:\/\/portaldeyoung.uy\/index.php\/wp-json\/wp\/v2\/media\/7039"}],"wp:attachment":[{"href":"https:\/\/portaldeyoung.uy\/index.php\/wp-json\/wp\/v2\/media?parent=7038"}],"wp:term":[{"taxonomy":"category","embeddable":true,"href":"https:\/\/portaldeyoung.uy\/index.php\/wp-json\/wp\/v2\/categories?post=7038"},{"taxonomy":"post_tag","embeddable":true,"href":"https:\/\/portaldeyoung.uy\/index.php\/wp-json\/wp\/v2\/tags?post=7038"}],"curies":[{"name":"wp","href":"https:\/\/api.w.org\/{rel}","templated":true}]}}