{"id":7017,"date":"2025-12-22T19:51:53","date_gmt":"2025-12-22T19:51:53","guid":{"rendered":"https:\/\/portaldeyoung.uy\/?p=7017"},"modified":"2025-12-24T13:59:09","modified_gmt":"2025-12-24T13:59:09","slug":"peatonalizacion-de-la-avenida-18-de-julio-por-los-festejos-del-24-de-diciembre","status":"publish","type":"post","link":"https:\/\/portaldeyoung.uy\/index.php\/2025\/12\/22\/peatonalizacion-de-la-avenida-18-de-julio-por-los-festejos-del-24-de-diciembre\/","title":{"rendered":"Peatonalizaci\u00f3n de la avenida 18 de Julio por los festejos del 24 de diciembre"},"content":{"rendered":"\n<p>En conferencia de prensa realizada en la Casa de la Cultura del Municipio de Young, autoridades locales brindaron detalles sobre los operativos y disposiciones previstos de cara a los festejos del pr\u00f3ximo 24 de diciembre, con el objetivo de garantizar el orden, la seguridad y una adecuada convivencia entre vecinos y visitantes.<\/p>\n\n\n\n<p>La alcaldesa del Municipio de Young, Cecilia Rodr\u00edguez, inform\u00f3 que, tras mantener consultas con comerciantes del centro de la ciudad, se resolvi\u00f3 peatonalizar la avenida 18 de Julio en el tramo comprendido entre calles 33 y Joaqu\u00edn Su\u00e1rez. La medida regir\u00e1 desde las 13:00 hasta las 20:00 horas, permitiendo que los comerciantes puedan ocupar el espacio peatonalizado para el desarrollo de sus actividades. Asimismo, se recibi\u00f3 una solicitud para la realizaci\u00f3n de un evento musical en la zona, la cual se encuentra en evaluaci\u00f3n.<\/p>\n\n\n\n<p>En cuanto a los feriantes, se dispuso que tendr\u00e1n su espacio asignado detr\u00e1s de la Casa de los Artesanos. Adem\u00e1s, se habilitar\u00e1 un estacionamiento sobre calle Florida, en el sector donde anteriormente funcionaba el obrador del Parque Lineal.<\/p>\n\n\n\n<p>Desde el Municipio se realiz\u00f3 un llamado enf\u00e1tico a la poblaci\u00f3n para que no se estacionen veh\u00edculos sobre las canchas deportivas multifuncionales, reiterando que el estacionamiento en ese sector estar\u00e1 estrictamente prohibido. En ese sentido, Rodr\u00edguez reafirm\u00f3 que habr\u00e1 c\u00e1maras de vigilancia y controles permanentes.<\/p>\n\n\n\n<p>Por otra parte, se inform\u00f3 que el Parque Lineal quedar\u00e1 habilitado a partir de la medianoche para el desarrollo de los festejos, los cuales se extender\u00e1n desde las 00:00 hasta las 6:00 de la ma\u00f1ana. En la zona se dispondr\u00e1 de ba\u00f1os qu\u00edmicos y se llevar\u00e1 adelante una fiscalizaci\u00f3n constante para asegurar una celebraci\u00f3n ordenada y respetuosa.<\/p>\n\n\n\n<p>Las autoridades se\u00f1alaron que las acciones se coordinan en conjunto con el Ministerio del Interior. El comisario de la Seccional Sexta, Heber Chineppe, destac\u00f3 que el personal policial estar\u00e1 a disposici\u00f3n durante toda la jornada y solicit\u00f3 a la poblaci\u00f3n cumplir con las normas vigentes. Asimismo, hizo especial hincapi\u00e9 en la importancia de contar con conductor designado en caso de consumo de alcohol, apelando a la responsabilidad individual y colectiva.<\/p>\n\n\n\n<p>Finalmente, desde el Municipio se remarc\u00f3 que todas las medidas adoptadas buscan propiciar una mejor convivencia entre los vecinos y que los festejos puedan desarrollarse en un marco de seguridad y tranquilidad para todas y todos.<\/p>\n","protected":false},"excerpt":{"rendered":"<p>En conferencia de prensa realizada en la Casa de la Cultura del Municipio de Young, autoridades locales brindaron detalles sobre los operativos y disposiciones previstos<\/p>\n","protected":false},"author":1,"featured_media":7018,"comment_status":"closed","ping_status":"open","sticky":false,"template":"","format":"standard","meta":{"advgb_blocks_editor_width":"","advgb_blocks_columns_visual_guide":"","footnotes":"","jetpack_publicize_message":"","jetpack_publicize_feature_enabled":true,"jetpack_social_post_already_shared":true,"jetpack_social_options":{"image_generator_settings":{"template":"highway","default_image_id":0,"font":"","enabled":false},"version":2}},"categories":[4],"tags":[],"class_list":["post-7017","post","type-post","status-publish","format-standard","has-post-thumbnail","hentry","category-de-aca"],"author_meta":{"display_name":"Portal","author_link":"https:\/\/portaldeyoung.uy\/index.php\/author\/admin_port\/"},"featured_img":"https:\/\/portaldeyoung.uy\/wp-content\/uploads\/2025\/12\/18-de-julio-sera-peatonal-300x127.jpeg","jetpack_publicize_connections":[],"coauthors":[],"tax_additional":{"categories":{"linked":["<a href=\"https:\/\/portaldeyoung.uy\/index.php\/category\/de-aca\/\" class=\"advgb-post-tax-term\">De ac\u00e1<\/a>"],"unlinked":["<span class=\"advgb-post-tax-term\">De ac\u00e1<\/span>"]}},"comment_count":"0","relative_dates":{"created":"Publicado 4 meses hace","modified":"Actualizado 4 meses hace"},"absolute_dates":{"created":"Publicado el diciembre 22, 2025","modified":"Actualizado el diciembre 24, 2025"},"absolute_dates_time":{"created":"Publicado el diciembre 22, 2025 7:51 pm","modified":"Actualizado el diciembre 24, 2025 1:59 pm"},"featured_img_caption":"","series_order":"","_links":{"self":[{"href":"https:\/\/portaldeyoung.uy\/index.php\/wp-json\/wp\/v2\/posts\/7017","targetHints":{"allow":["GET"]}}],"collection":[{"href":"https:\/\/portaldeyoung.uy\/index.php\/wp-json\/wp\/v2\/posts"}],"about":[{"href":"https:\/\/portaldeyoung.uy\/index.php\/wp-json\/wp\/v2\/types\/post"}],"author":[{"embeddable":true,"href":"https:\/\/portaldeyoung.uy\/index.php\/wp-json\/wp\/v2\/users\/1"}],"replies":[{"embeddable":true,"href":"https:\/\/portaldeyoung.uy\/index.php\/wp-json\/wp\/v2\/comments?post=7017"}],"version-history":[{"count":1,"href":"https:\/\/portaldeyoung.uy\/index.php\/wp-json\/wp\/v2\/posts\/7017\/revisions"}],"predecessor-version":[{"id":7019,"href":"https:\/\/portaldeyoung.uy\/index.php\/wp-json\/wp\/v2\/posts\/7017\/revisions\/7019"}],"wp:featuredmedia":[{"embeddable":true,"href":"https:\/\/portaldeyoung.uy\/index.php\/wp-json\/wp\/v2\/media\/7018"}],"wp:attachment":[{"href":"https:\/\/portaldeyoung.uy\/index.php\/wp-json\/wp\/v2\/media?parent=7017"}],"wp:term":[{"taxonomy":"category","embeddable":true,"href":"https:\/\/portaldeyoung.uy\/index.php\/wp-json\/wp\/v2\/categories?post=7017"},{"taxonomy":"post_tag","embeddable":true,"href":"https:\/\/portaldeyoung.uy\/index.php\/wp-json\/wp\/v2\/tags?post=7017"}],"curies":[{"name":"wp","href":"https:\/\/api.w.org\/{rel}","templated":true}]}}