{"id":6945,"date":"2025-12-19T11:16:43","date_gmt":"2025-12-19T11:16:43","guid":{"rendered":"https:\/\/portaldeyoung.uy\/?p=6945"},"modified":"2025-12-20T00:05:58","modified_gmt":"2025-12-20T00:05:58","slug":"dos-formalizaciones-informadas-por-jefatura-de-policia-de-rio-negro","status":"publish","type":"post","link":"https:\/\/portaldeyoung.uy\/index.php\/2025\/12\/19\/dos-formalizaciones-informadas-por-jefatura-de-policia-de-rio-negro\/","title":{"rendered":"Dos formalizaciones informadas por Jefatura de Polic\u00eda de R\u00edo Negro"},"content":{"rendered":"\n<p>La Jefatura de Polic\u00eda de R\u00edo Negro inform\u00f3 sobre dos actuaciones judiciales culminadas con formalizaciones, en virtud de los informes remitidos por la Justicia tras el trabajo desarrollado por personal policial en distintas localidades del departamento.<\/p>\n\n\n\n<p><strong>Formalizaci\u00f3n y condena en Young<\/strong><\/p>\n\n\n\n<p>Mediante Oficio del Juzgado Letrado de Primer Turno de la ciudad de Young, se comunic\u00f3 la formalizaci\u00f3n y condena de un hombre, identificado con las iniciales F.P.M., como autor penalmente responsable de un delito complejo de lesiones culposas, cometidas contra dos personas, una de ellas de car\u00e1cter grave.<\/p>\n\n\n\n<p>La Justicia dispuso una pena de diecis\u00e9is (16) meses de prisi\u00f3n, a cumplirse bajo el r\u00e9gimen de libertad a prueba. Las actuaciones est\u00e1n vinculadas a un siniestro de tr\u00e1nsito de gravedad, ocurrido en el mes de marzo del a\u00f1o 2024.<\/p>\n\n\n\n<p><strong>Formalizaci\u00f3n y prisi\u00f3n preventiva en Nuevo Berl\u00edn<\/strong><\/p>\n\n\n\n<p>Por otra parte, continuando con las actuaciones y celebrada la audiencia correspondiente en el Juzgado Letrado de Primera Instancia de Fray Bentos, se dispuso la formalizaci\u00f3n de la investigaci\u00f3n de un hombre de iniciales W.Y.D.B.<\/p>\n\n\n\n<p>El mismo fue formalizado por la presunta comisi\u00f3n, en calidad de autor, de un delito de violaci\u00f3n de domicilio agravado, un delito de violencia privada agravada y un delito de lesiones personales, todos en r\u00e9gimen de reiteraci\u00f3n real. Como medida cautelar, la Justicia decret\u00f3 la prisi\u00f3n preventiva por el t\u00e9rmino de 120 d\u00edas.<\/p>\n\n\n\n<p>Estas actuaciones refieren a un hecho ocurrido el pasado 15 de diciembre del presente a\u00f1o en la localidad de Nuevo Berl\u00edn.<\/p>\n","protected":false},"excerpt":{"rendered":"<p>La Jefatura de Polic\u00eda de R\u00edo Negro inform\u00f3 sobre dos actuaciones judiciales culminadas con formalizaciones, en virtud de los informes remitidos por la Justicia tras<\/p>\n","protected":false},"author":1,"featured_media":2825,"comment_status":"closed","ping_status":"open","sticky":false,"template":"","format":"standard","meta":{"advgb_blocks_editor_width":"","advgb_blocks_columns_visual_guide":"","footnotes":"","jetpack_publicize_message":"La Jefatura de Polic\u00eda de R\u00edo Negro inform\u00f3 sobre dos actuaciones judiciales culminadas con formalizaciones, en virtud de los informes remitidos por la Justicia tras el trabajo desarrollado por personal policial en distintas localidades del departamento...","jetpack_publicize_feature_enabled":true,"jetpack_social_post_already_shared":true,"jetpack_social_options":{"image_generator_settings":{"template":"highway","default_image_id":0,"font":"","enabled":false},"version":2}},"categories":[4],"tags":[],"class_list":["post-6945","post","type-post","status-publish","format-standard","has-post-thumbnail","hentry","category-de-aca"],"author_meta":{"display_name":"Portal","author_link":"https:\/\/portaldeyoung.uy\/index.php\/author\/admin_port\/"},"featured_img":"https:\/\/portaldeyoung.uy\/wp-content\/uploads\/2025\/08\/Fiscalia-Young-300x139.jpg","jetpack_publicize_connections":[],"coauthors":[],"tax_additional":{"categories":{"linked":["<a href=\"https:\/\/portaldeyoung.uy\/index.php\/category\/de-aca\/\" class=\"advgb-post-tax-term\">De ac\u00e1<\/a>"],"unlinked":["<span class=\"advgb-post-tax-term\">De ac\u00e1<\/span>"]}},"comment_count":"0","relative_dates":{"created":"Publicado 4 meses hace","modified":"Actualizado 4 meses hace"},"absolute_dates":{"created":"Publicado el diciembre 19, 2025","modified":"Actualizado el diciembre 20, 2025"},"absolute_dates_time":{"created":"Publicado el diciembre 19, 2025 11:16 am","modified":"Actualizado el diciembre 20, 2025 12:05 am"},"featured_img_caption":"","series_order":"","_links":{"self":[{"href":"https:\/\/portaldeyoung.uy\/index.php\/wp-json\/wp\/v2\/posts\/6945","targetHints":{"allow":["GET"]}}],"collection":[{"href":"https:\/\/portaldeyoung.uy\/index.php\/wp-json\/wp\/v2\/posts"}],"about":[{"href":"https:\/\/portaldeyoung.uy\/index.php\/wp-json\/wp\/v2\/types\/post"}],"author":[{"embeddable":true,"href":"https:\/\/portaldeyoung.uy\/index.php\/wp-json\/wp\/v2\/users\/1"}],"replies":[{"embeddable":true,"href":"https:\/\/portaldeyoung.uy\/index.php\/wp-json\/wp\/v2\/comments?post=6945"}],"version-history":[{"count":2,"href":"https:\/\/portaldeyoung.uy\/index.php\/wp-json\/wp\/v2\/posts\/6945\/revisions"}],"predecessor-version":[{"id":6947,"href":"https:\/\/portaldeyoung.uy\/index.php\/wp-json\/wp\/v2\/posts\/6945\/revisions\/6947"}],"wp:featuredmedia":[{"embeddable":true,"href":"https:\/\/portaldeyoung.uy\/index.php\/wp-json\/wp\/v2\/media\/2825"}],"wp:attachment":[{"href":"https:\/\/portaldeyoung.uy\/index.php\/wp-json\/wp\/v2\/media?parent=6945"}],"wp:term":[{"taxonomy":"category","embeddable":true,"href":"https:\/\/portaldeyoung.uy\/index.php\/wp-json\/wp\/v2\/categories?post=6945"},{"taxonomy":"post_tag","embeddable":true,"href":"https:\/\/portaldeyoung.uy\/index.php\/wp-json\/wp\/v2\/tags?post=6945"}],"curies":[{"name":"wp","href":"https:\/\/api.w.org\/{rel}","templated":true}]}}