{"id":6936,"date":"2025-12-19T10:36:19","date_gmt":"2025-12-19T10:36:19","guid":{"rendered":"https:\/\/portaldeyoung.uy\/?p=6936"},"modified":"2026-01-05T12:27:43","modified_gmt":"2026-01-05T12:27:43","slug":"intendencia-de-rio-negro-firmo-acuerdo-para-la-implementacion-del-plan-verano","status":"publish","type":"post","link":"https:\/\/portaldeyoung.uy\/index.php\/2025\/12\/19\/intendencia-de-rio-negro-firmo-acuerdo-para-la-implementacion-del-plan-verano\/","title":{"rendered":"Intendencia de R\u00edo Negro firm\u00f3 acuerdo para la implementaci\u00f3n del Plan Verano"},"content":{"rendered":"\n<p><strong>La Intendencia de R\u00edo Negro firm\u00f3 un acuerdo interinstitucional para la puesta en marcha del Plan Verano, una estrategia que garantizar\u00e1 atenci\u00f3n de salud las 24 horas en la policl\u00ednica de Las Ca\u00f1as durante la temporada estival y la Semana de Turismo<\/strong>.<\/p>\n\n\n\n<p>El plan asegura la presencia permanente de m\u00e9dico, personal de enfermer\u00eda y ambulancia, incluyendo la cobertura de traslados entre Las Ca\u00f1as y Fray Bentos, fortaleciendo la capacidad de respuesta ante emergencias en una zona de alta concurrencia tur\u00edstica.<\/p>\n\n\n\n<p>El acuerdo fue formalizado ayer en Sala Ruggia, con la participaci\u00f3n de la Intendencia de R\u00edo Negro, el Hospital de Fray Bentos, AMEDRIN y la RAP de ASSE, consolidando un trabajo coordinado entre instituciones p\u00fablicas y privadas del sistema de salud.<\/p>\n\n\n\n<p>En el marco del convenio, la Intendencia aporta el local de la policl\u00ednica de Las Ca\u00f1as, el equipamiento necesario, la ambulancia y los choferes. La RAP de ASSE garantiza la cobertura m\u00e9dica las 24 horas durante todo el per\u00edodo de vigencia del plan. AMEDRIN contribuye con personal de enfermer\u00eda, adem\u00e1s de materiales y medicaci\u00f3n, mientras que el Hospital de Fray Bentos aporta insumos que quedar\u00e1n disponibles para su uso en la policl\u00ednica.<\/p>\n\n\n\n<p>Esta iniciativa refuerza la atenci\u00f3n sanitaria en el principal balneario del departamento, priorizando la seguridad, la prevenci\u00f3n y el cuidado de la salud de residentes y visitantes durante el verano.<\/p>\n\n\n\n<p><em>*IRN<\/em><\/p>\n","protected":false},"excerpt":{"rendered":"<p>La Intendencia de R\u00edo Negro firm\u00f3 un acuerdo interinstitucional para la puesta en marcha del Plan Verano, una estrategia que garantizar\u00e1 atenci\u00f3n de salud las<\/p>\n","protected":false},"author":1,"featured_media":3433,"comment_status":"closed","ping_status":"open","sticky":false,"template":"","format":"standard","meta":{"advgb_blocks_editor_width":"","advgb_blocks_columns_visual_guide":"","footnotes":"","jetpack_publicize_message":"","jetpack_publicize_feature_enabled":true,"jetpack_social_post_already_shared":true,"jetpack_social_options":{"image_generator_settings":{"template":"highway","default_image_id":0,"font":"","enabled":false},"version":2}},"categories":[29],"tags":[],"class_list":["post-6936","post","type-post","status-publish","format-standard","has-post-thumbnail","hentry","category-del-territorio"],"author_meta":{"display_name":"Portal","author_link":"https:\/\/portaldeyoung.uy\/index.php\/author\/admin_port\/"},"featured_img":"https:\/\/portaldeyoung.uy\/wp-content\/uploads\/2025\/09\/las-canas-00-300x174.jpg","jetpack_publicize_connections":[],"coauthors":[],"tax_additional":{"categories":{"linked":["<a href=\"https:\/\/portaldeyoung.uy\/index.php\/category\/del-territorio\/\" class=\"advgb-post-tax-term\">Del territorio<\/a>"],"unlinked":["<span class=\"advgb-post-tax-term\">Del territorio<\/span>"]}},"comment_count":"0","relative_dates":{"created":"Publicado 4 meses hace","modified":"Actualizado 4 meses hace"},"absolute_dates":{"created":"Publicado el diciembre 19, 2025","modified":"Actualizado el enero 5, 2026"},"absolute_dates_time":{"created":"Publicado el diciembre 19, 2025 10:36 am","modified":"Actualizado el enero 5, 2026 12:27 pm"},"featured_img_caption":"","series_order":"","_links":{"self":[{"href":"https:\/\/portaldeyoung.uy\/index.php\/wp-json\/wp\/v2\/posts\/6936","targetHints":{"allow":["GET"]}}],"collection":[{"href":"https:\/\/portaldeyoung.uy\/index.php\/wp-json\/wp\/v2\/posts"}],"about":[{"href":"https:\/\/portaldeyoung.uy\/index.php\/wp-json\/wp\/v2\/types\/post"}],"author":[{"embeddable":true,"href":"https:\/\/portaldeyoung.uy\/index.php\/wp-json\/wp\/v2\/users\/1"}],"replies":[{"embeddable":true,"href":"https:\/\/portaldeyoung.uy\/index.php\/wp-json\/wp\/v2\/comments?post=6936"}],"version-history":[{"count":1,"href":"https:\/\/portaldeyoung.uy\/index.php\/wp-json\/wp\/v2\/posts\/6936\/revisions"}],"predecessor-version":[{"id":6937,"href":"https:\/\/portaldeyoung.uy\/index.php\/wp-json\/wp\/v2\/posts\/6936\/revisions\/6937"}],"wp:featuredmedia":[{"embeddable":true,"href":"https:\/\/portaldeyoung.uy\/index.php\/wp-json\/wp\/v2\/media\/3433"}],"wp:attachment":[{"href":"https:\/\/portaldeyoung.uy\/index.php\/wp-json\/wp\/v2\/media?parent=6936"}],"wp:term":[{"taxonomy":"category","embeddable":true,"href":"https:\/\/portaldeyoung.uy\/index.php\/wp-json\/wp\/v2\/categories?post=6936"},{"taxonomy":"post_tag","embeddable":true,"href":"https:\/\/portaldeyoung.uy\/index.php\/wp-json\/wp\/v2\/tags?post=6936"}],"curies":[{"name":"wp","href":"https:\/\/api.w.org\/{rel}","templated":true}]}}