{"id":6934,"date":"2025-12-19T10:32:08","date_gmt":"2025-12-19T10:32:08","guid":{"rendered":"https:\/\/portaldeyoung.uy\/?p=6934"},"modified":"2025-12-19T10:32:12","modified_gmt":"2025-12-19T10:32:12","slug":"clave-policial-la-historia-detras-del-delincuente-que-se-disfrazaba-de-policia-y-la-relacion-con-balacera-en-un-bar","status":"publish","type":"post","link":"https:\/\/portaldeyoung.uy\/index.php\/2025\/12\/19\/clave-policial-la-historia-detras-del-delincuente-que-se-disfrazaba-de-policia-y-la-relacion-con-balacera-en-un-bar\/","title":{"rendered":"Clave policial: la historia detr\u00e1s del delincuente que se disfrazaba de polic\u00eda y la relaci\u00f3n con balacera en un bar"},"content":{"rendered":"\n<p>El pasado mi\u00e9rcoles de madrugada la polic\u00eda fue alertada sobre un hombre armado en un bar. Al llegar se enfrentaron a tiros con el delincuente que result\u00f3 ser V\u00edctor Piedad, el hombre que se disfraz\u00f3 de polic\u00eda para realizar un robo millonario a un local de cobranzas.<\/p>\n\n\n\n<p>Su aspecto f\u00edsico ha cambiado a lo largo de los a\u00f1os, pero no precisamente por el paso del tiempo sino para camuflarse. Quienes lo han investigado aseguran que V\u00edctor Piedad es un verdadero camale\u00f3n, se disfraza, sube de pesa, baja y se cambia de look para pasar desapercibido.<\/p>\n\n\n\n<p>Hace pocos d\u00edas fing\u00eda que esperaba un \u00f3mnibus en Zum Felde y Pit\u00e1goras, pero estaba esperando que llegara el due\u00f1o de una red de cobranzas.<\/p>\n\n\n\n<p>\u00c9l, V\u00edctor Piedad, llevaba el uniforme de la Guardia Republicana. Se le acerc\u00f3 y tras amenazas se fue del lugar con 4 millones de pesos.<\/p>\n\n\n\n<p>El delincuente disfrazado lo volvi\u00f3 hacer, ya que a\u00f1os atr\u00e1s particip\u00f3 de una rapi\u00f1a similar en el departamento de Flores donde uno de los delincuentes iba vestido de payaso.<\/p>\n\n\n\n<p>El 11 de diciembre, este ladr\u00f3n particular volvi\u00f3 a ser noticia casi de casualidad. La Polic\u00eda fue a un bar en Manga tras llamados por una persona que amenazaba a otras. Al llegar la Polic\u00eda, este hombre dijo que de ah\u00ed se lo iban a llevar muerto. Hubo un intercambio de disparos y el delincuente termin\u00f3 gravemente herido.<\/p>\n\n\n\n<p>Hace una semana que permanece internado.<\/p>\n\n\n\n<p>Esta persona era el mismo que particip\u00f3 de la rapi\u00f1a millonaria d\u00edas atr\u00e1s y, al identificarlo, los efectivos descubrieron que ten\u00eda requisitorias por siete delitos: un homicidio de 2023, cuatro rapi\u00f1as a comercios entre 2024 y 2025, una rapi\u00f1a a una financiera y un copamiento en un local comercial, todo esto sin contar la rapi\u00f1a en la zona del Parque Rivera.<\/p>\n\n\n\n<p>Adem\u00e1s de estar requerido por siete hechos graves, V\u00edctor Piedad posee nueve antecedentes penales y en los primeros d\u00edas de diciembre ya protagoniz\u00f3 dos hechos de relevancia en la cr\u00f3nica policial.<\/p>\n\n\n\n<p><em>*Subrayado<\/em><\/p>\n","protected":false},"excerpt":{"rendered":"<p>El pasado mi\u00e9rcoles de madrugada la polic\u00eda fue alertada sobre un hombre armado en un bar. Al llegar se enfrentaron a tiros con el delincuente<\/p>\n","protected":false},"author":1,"featured_media":1829,"comment_status":"closed","ping_status":"open","sticky":false,"template":"","format":"standard","meta":{"advgb_blocks_editor_width":"","advgb_blocks_columns_visual_guide":"","footnotes":"","jetpack_publicize_message":"","jetpack_publicize_feature_enabled":true,"jetpack_social_post_already_shared":true,"jetpack_social_options":{"image_generator_settings":{"template":"highway","default_image_id":0,"font":"","enabled":false},"version":2}},"categories":[7],"tags":[],"class_list":["post-6934","post","type-post","status-publish","format-standard","has-post-thumbnail","hentry","category-del-pais"],"author_meta":{"display_name":"Portal","author_link":"https:\/\/portaldeyoung.uy\/index.php\/author\/admin_port\/"},"featured_img":"https:\/\/portaldeyoung.uy\/wp-content\/uploads\/2025\/07\/policia-republicana-300x193.png","jetpack_publicize_connections":[],"coauthors":[],"tax_additional":{"categories":{"linked":["<a href=\"https:\/\/portaldeyoung.uy\/index.php\/category\/del-pais\/\" class=\"advgb-post-tax-term\">Del pa\u00eds<\/a>"],"unlinked":["<span class=\"advgb-post-tax-term\">Del pa\u00eds<\/span>"]}},"comment_count":"0","relative_dates":{"created":"Publicado 4 meses hace","modified":"Actualizado 4 meses hace"},"absolute_dates":{"created":"Publicado el diciembre 19, 2025","modified":"Actualizado el diciembre 19, 2025"},"absolute_dates_time":{"created":"Publicado el diciembre 19, 2025 10:32 am","modified":"Actualizado el diciembre 19, 2025 10:32 am"},"featured_img_caption":"","series_order":"","_links":{"self":[{"href":"https:\/\/portaldeyoung.uy\/index.php\/wp-json\/wp\/v2\/posts\/6934","targetHints":{"allow":["GET"]}}],"collection":[{"href":"https:\/\/portaldeyoung.uy\/index.php\/wp-json\/wp\/v2\/posts"}],"about":[{"href":"https:\/\/portaldeyoung.uy\/index.php\/wp-json\/wp\/v2\/types\/post"}],"author":[{"embeddable":true,"href":"https:\/\/portaldeyoung.uy\/index.php\/wp-json\/wp\/v2\/users\/1"}],"replies":[{"embeddable":true,"href":"https:\/\/portaldeyoung.uy\/index.php\/wp-json\/wp\/v2\/comments?post=6934"}],"version-history":[{"count":1,"href":"https:\/\/portaldeyoung.uy\/index.php\/wp-json\/wp\/v2\/posts\/6934\/revisions"}],"predecessor-version":[{"id":6935,"href":"https:\/\/portaldeyoung.uy\/index.php\/wp-json\/wp\/v2\/posts\/6934\/revisions\/6935"}],"wp:featuredmedia":[{"embeddable":true,"href":"https:\/\/portaldeyoung.uy\/index.php\/wp-json\/wp\/v2\/media\/1829"}],"wp:attachment":[{"href":"https:\/\/portaldeyoung.uy\/index.php\/wp-json\/wp\/v2\/media?parent=6934"}],"wp:term":[{"taxonomy":"category","embeddable":true,"href":"https:\/\/portaldeyoung.uy\/index.php\/wp-json\/wp\/v2\/categories?post=6934"},{"taxonomy":"post_tag","embeddable":true,"href":"https:\/\/portaldeyoung.uy\/index.php\/wp-json\/wp\/v2\/tags?post=6934"}],"curies":[{"name":"wp","href":"https:\/\/api.w.org\/{rel}","templated":true}]}}