{"id":6932,"date":"2025-12-19T10:29:21","date_gmt":"2025-12-19T10:29:21","guid":{"rendered":"https:\/\/portaldeyoung.uy\/?p=6932"},"modified":"2025-12-19T10:29:24","modified_gmt":"2025-12-19T10:29:24","slug":"gobierno-y-empresa-hif-firmaron-memorando-de-entendimiento-para-instalacion-de-planta-de-hidrogeno-verde-en-paysandu","status":"publish","type":"post","link":"https:\/\/portaldeyoung.uy\/index.php\/2025\/12\/19\/gobierno-y-empresa-hif-firmaron-memorando-de-entendimiento-para-instalacion-de-planta-de-hidrogeno-verde-en-paysandu\/","title":{"rendered":"Gobierno y empresa HIF firmaron memorando de entendimiento para instalaci\u00f3n de planta de hidr\u00f3geno verde en Paysand\u00fa"},"content":{"rendered":"\n<p>El documento firmado por el secretario de Presidencia, Alejandro S\u00e1nchez, y representantes de la compa\u00f1\u00eda HIF establece el acuerdo para la construcci\u00f3n y operaci\u00f3n de una planta de los denominados \u00abe-combustibles\u00bb, a partir de energ\u00eda renovable, hidr\u00f3geno verde \u0443 CO\u2082. El proyecto prev\u00e9 la producci\u00f3n de 880.000 toneladas por a\u00f1o de esos combustibles en su \u00faltima fase, a partir de 2029. La inversi\u00f3n total superar\u00e1 los 5.000 millones de d\u00f3lares.<\/p>\n\n\n\n<p>El memorando de entendimiento fue suscripto en Torre Ejecutiva este jueves 18, entre <strong>S\u00e1nchez<\/strong>, y <strong>V\u00edctor Turpaud <\/strong>y <strong>Mart\u00edn Bremermann<\/strong>, representantes de la empresa <strong>HIF<\/strong>. De acuerdo a lo establecido en el documento, el<strong>proyecto HIF <\/strong>consiste en la construcci\u00f3n y operaci\u00f3n de una <strong>planta de combustibles sint\u00e9ticos producidos con energ\u00eda renovable (e-combustibles), a partir de energ\u00eda renovable, hidr\u00f3geno verde \u0443 di\u00f3xido de carbono<\/strong> <strong>(CO\u2082)<\/strong>.<\/p>\n\n\n\n<p>Para ello, se prev\u00e9 la<strong> construcci\u00f3n de una planta de hidr\u00f3geno verde por electr\u00f3lisis<\/strong>, <strong>una planta de captura de CO\u2082 de fuentes industriales y biomasa, una planta que transforma el hidr\u00f3geno verde y el CO\u2082 en e-metanol y una planta para la producci\u00f3n de e-gasolina,<\/strong> que convierte el metanol en gasolina sint\u00e9tica y en e-gas licuado, as\u00ed como los parques de energ\u00edas renovables y todos los servicios requeridos.&nbsp;<\/p>\n\n\n\n<p>El proyecto prev\u00e9 la <strong>producci\u00f3n de unas 880.000 toneladas por a\u00f1o <\/strong>de e-combustibles en su \u00faltima fase. Lo producido ser\u00e1 transportado en tren al puerto de Montevideo para su exportaci\u00f3n.&nbsp;<\/p>\n\n\n\n<p>El memorando precisa que, a partir de 2029, est\u00e1 previsto concretar exportaciones por un valor medio anual de<strong> 253 millones de d\u00f3lares<\/strong>, en el primer m\u00f3dulo, y <strong>1.012 millones de d\u00f3lares<\/strong>, una vez que los cuatro m\u00f3dulos est\u00e9n operativos. <strong>Europa y Asia ser\u00e1n los principales destinos de la exportaci\u00f3n<\/strong>.<\/p>\n\n\n\n<p>El proyecto requerir\u00e1 una inversi\u00f3n total aproximada de<strong> 5.385 millones de d\u00f3lares<\/strong> y estar\u00e1 emplazado en el departamento de <strong>Paysand\u00fa<\/strong>.&nbsp;<strong>HIF prev\u00e9 ocupar a unos 1.400 empleados durante la etapa de construcci\u00f3n y a otras 300 personas a tiempo completo en forma permanente en la etapa de operaci\u00f3n<\/strong>, detalla el memorando.&nbsp;<\/p>\n\n\n\n<p>El acuerdo tambi\u00e9n establece <strong>el funcionamiento de un comit\u00e9 de alto nivel de seguimiento del proyecto<\/strong>, integrado por el titular de la Secretar\u00eda de la Presidencia de la Rep\u00fablica, los titulares de los ministerios de Econom\u00eda y Finanzas; Industria, Energ\u00eda y Miner\u00eda; Ambiente; Transporte; y Obras P\u00fablicas. Tambi\u00e9n participar\u00e1n representantes de la empresa HIF.<\/p>\n\n\n\n<p>Adem\u00e1s, se establece la <strong>conformaci\u00f3n de un comit\u00e9 t\u00e9cnico de seguimiento <\/strong>que tambi\u00e9n integrar\u00e1n representantes del Gobierno y la empresa, para dar seguimiento diario \u201ca todas las acciones requeridas para el desarrollo\u201d del proyecto de HIF.<\/p>\n","protected":false},"excerpt":{"rendered":"<p>El documento firmado por el secretario de Presidencia, Alejandro S\u00e1nchez, y representantes de la compa\u00f1\u00eda HIF establece el acuerdo para la construcci\u00f3n y operaci\u00f3n de<\/p>\n","protected":false},"author":1,"featured_media":2603,"comment_status":"closed","ping_status":"open","sticky":false,"template":"","format":"standard","meta":{"advgb_blocks_editor_width":"","advgb_blocks_columns_visual_guide":"","footnotes":"","jetpack_publicize_message":"","jetpack_publicize_feature_enabled":true,"jetpack_social_post_already_shared":true,"jetpack_social_options":{"image_generator_settings":{"template":"highway","default_image_id":0,"font":"","enabled":false},"version":2}},"categories":[7],"tags":[],"class_list":["post-6932","post","type-post","status-publish","format-standard","has-post-thumbnail","hentry","category-del-pais"],"author_meta":{"display_name":"Portal","author_link":"https:\/\/portaldeyoung.uy\/index.php\/author\/admin_port\/"},"featured_img":"https:\/\/portaldeyoung.uy\/wp-content\/uploads\/2025\/08\/hidrogeno-verde-300x168.jpg","jetpack_publicize_connections":[],"coauthors":[],"tax_additional":{"categories":{"linked":["<a href=\"https:\/\/portaldeyoung.uy\/index.php\/category\/del-pais\/\" class=\"advgb-post-tax-term\">Del pa\u00eds<\/a>"],"unlinked":["<span class=\"advgb-post-tax-term\">Del pa\u00eds<\/span>"]}},"comment_count":"0","relative_dates":{"created":"Publicado 4 meses hace","modified":"Actualizado 4 meses hace"},"absolute_dates":{"created":"Publicado el diciembre 19, 2025","modified":"Actualizado el diciembre 19, 2025"},"absolute_dates_time":{"created":"Publicado el diciembre 19, 2025 10:29 am","modified":"Actualizado el diciembre 19, 2025 10:29 am"},"featured_img_caption":"","series_order":"","_links":{"self":[{"href":"https:\/\/portaldeyoung.uy\/index.php\/wp-json\/wp\/v2\/posts\/6932","targetHints":{"allow":["GET"]}}],"collection":[{"href":"https:\/\/portaldeyoung.uy\/index.php\/wp-json\/wp\/v2\/posts"}],"about":[{"href":"https:\/\/portaldeyoung.uy\/index.php\/wp-json\/wp\/v2\/types\/post"}],"author":[{"embeddable":true,"href":"https:\/\/portaldeyoung.uy\/index.php\/wp-json\/wp\/v2\/users\/1"}],"replies":[{"embeddable":true,"href":"https:\/\/portaldeyoung.uy\/index.php\/wp-json\/wp\/v2\/comments?post=6932"}],"version-history":[{"count":1,"href":"https:\/\/portaldeyoung.uy\/index.php\/wp-json\/wp\/v2\/posts\/6932\/revisions"}],"predecessor-version":[{"id":6933,"href":"https:\/\/portaldeyoung.uy\/index.php\/wp-json\/wp\/v2\/posts\/6932\/revisions\/6933"}],"wp:featuredmedia":[{"embeddable":true,"href":"https:\/\/portaldeyoung.uy\/index.php\/wp-json\/wp\/v2\/media\/2603"}],"wp:attachment":[{"href":"https:\/\/portaldeyoung.uy\/index.php\/wp-json\/wp\/v2\/media?parent=6932"}],"wp:term":[{"taxonomy":"category","embeddable":true,"href":"https:\/\/portaldeyoung.uy\/index.php\/wp-json\/wp\/v2\/categories?post=6932"},{"taxonomy":"post_tag","embeddable":true,"href":"https:\/\/portaldeyoung.uy\/index.php\/wp-json\/wp\/v2\/tags?post=6932"}],"curies":[{"name":"wp","href":"https:\/\/api.w.org\/{rel}","templated":true}]}}