{"id":6929,"date":"2025-12-19T10:25:47","date_gmt":"2025-12-19T10:25:47","guid":{"rendered":"https:\/\/portaldeyoung.uy\/?p=6929"},"modified":"2025-12-19T10:25:50","modified_gmt":"2025-12-19T10:25:50","slug":"imputaron-homicidio-culposo-a-rafael-villanueva-por-el-siniestro-de-transito-que-ocurrio-en-rocha","status":"publish","type":"post","link":"https:\/\/portaldeyoung.uy\/index.php\/2025\/12\/19\/imputaron-homicidio-culposo-a-rafael-villanueva-por-el-siniestro-de-transito-que-ocurrio-en-rocha\/","title":{"rendered":"Imputaron homicidio culposo a Rafael Villanueva por el siniestro de tr\u00e1nsito que ocurri\u00f3 en Rocha"},"content":{"rendered":"\n<p>El comunicador debe aguardar la investigaci\u00f3n con medidas cautelares como la fijaci\u00f3n de domicilio y la prohibici\u00f3n de salir del pa\u00eds, por 150 d\u00edas.<\/p>\n\n\n\n<p>El comunicador Rafael Villanueva fue imputado por <strong>homicidio<\/strong> culposo en concurso formal con lesiones graves, en el caso del siniestro de tr\u00e1nsito que ocurri\u00f3 en febrero en <strong>Rocha<\/strong>.<\/p>\n\n\n\n<p>Las medidas cautelares que deber\u00e1 cumplir Villanueva son fijaci\u00f3n de domicilio, la incautaci\u00f3n de la libreta de conducir, el pasaporte y la prohibici\u00f3n de manejar veh\u00edculos, todo por el plazo de 150 d\u00edas mientras contin\u00faa la investigaci\u00f3n, inform\u00f3 la fiscal del caso, Josefina Garc\u00eda, a trav\u00e9s de la Direcci\u00f3n de Comunicaci\u00f3n del organismo.<\/p>\n\n\n\n<p>El siniestro fue pasadas las 22:00 horas del domingo 9 de febrero, en el kil\u00f3metro 272 de la ruta 9. Por este hecho, un hombre de 30 a\u00f1os muri\u00f3 el lunes siguiente.<\/p>\n\n\n\n<p>La v\u00edctima, oriunda de Castillos, iba en moto junto a un mujer de 39 a\u00f1os, cuando ambas fueron embestidas de atr\u00e1s por un Citroen C4 conducido por el comunicador.<\/p>\n\n\n\n<p>Villanueva, de 52 a\u00f1os, ten\u00eda la documentaci\u00f3n en regla y la prueba de alcoholemia dio resultado cero. En tanto, los ocupantes de la moto sufrieron traumatismos enc\u00e9falos craneanos graves y fueron derivados para ser atendidos.<\/p>\n\n\n\n<p>El hombre muri\u00f3 producto de las heridas sufridas, mientras que la mujer fue internada en CTI.<\/p>\n\n\n\n<p><em>*Subrayado<\/em><\/p>\n","protected":false},"excerpt":{"rendered":"<p>El comunicador debe aguardar la investigaci\u00f3n con medidas cautelares como la fijaci\u00f3n de domicilio y la prohibici\u00f3n de salir del pa\u00eds, por 150 d\u00edas. El<\/p>\n","protected":false},"author":1,"featured_media":6930,"comment_status":"closed","ping_status":"open","sticky":false,"template":"","format":"standard","meta":{"advgb_blocks_editor_width":"","advgb_blocks_columns_visual_guide":"","footnotes":"","jetpack_publicize_message":"","jetpack_publicize_feature_enabled":true,"jetpack_social_post_already_shared":true,"jetpack_social_options":{"image_generator_settings":{"template":"highway","default_image_id":0,"font":"","enabled":false},"version":2}},"categories":[7],"tags":[],"class_list":["post-6929","post","type-post","status-publish","format-standard","has-post-thumbnail","hentry","category-del-pais"],"author_meta":{"display_name":"Portal","author_link":"https:\/\/portaldeyoung.uy\/index.php\/author\/admin_port\/"},"featured_img":"https:\/\/portaldeyoung.uy\/wp-content\/uploads\/2025\/12\/accidente-villanueba-300x194.png","jetpack_publicize_connections":[],"coauthors":[],"tax_additional":{"categories":{"linked":["<a href=\"https:\/\/portaldeyoung.uy\/index.php\/category\/del-pais\/\" class=\"advgb-post-tax-term\">Del pa\u00eds<\/a>"],"unlinked":["<span class=\"advgb-post-tax-term\">Del pa\u00eds<\/span>"]}},"comment_count":"0","relative_dates":{"created":"Publicado 4 meses hace","modified":"Actualizado 4 meses hace"},"absolute_dates":{"created":"Publicado el diciembre 19, 2025","modified":"Actualizado el diciembre 19, 2025"},"absolute_dates_time":{"created":"Publicado el diciembre 19, 2025 10:25 am","modified":"Actualizado el diciembre 19, 2025 10:25 am"},"featured_img_caption":"","series_order":"","_links":{"self":[{"href":"https:\/\/portaldeyoung.uy\/index.php\/wp-json\/wp\/v2\/posts\/6929","targetHints":{"allow":["GET"]}}],"collection":[{"href":"https:\/\/portaldeyoung.uy\/index.php\/wp-json\/wp\/v2\/posts"}],"about":[{"href":"https:\/\/portaldeyoung.uy\/index.php\/wp-json\/wp\/v2\/types\/post"}],"author":[{"embeddable":true,"href":"https:\/\/portaldeyoung.uy\/index.php\/wp-json\/wp\/v2\/users\/1"}],"replies":[{"embeddable":true,"href":"https:\/\/portaldeyoung.uy\/index.php\/wp-json\/wp\/v2\/comments?post=6929"}],"version-history":[{"count":1,"href":"https:\/\/portaldeyoung.uy\/index.php\/wp-json\/wp\/v2\/posts\/6929\/revisions"}],"predecessor-version":[{"id":6931,"href":"https:\/\/portaldeyoung.uy\/index.php\/wp-json\/wp\/v2\/posts\/6929\/revisions\/6931"}],"wp:featuredmedia":[{"embeddable":true,"href":"https:\/\/portaldeyoung.uy\/index.php\/wp-json\/wp\/v2\/media\/6930"}],"wp:attachment":[{"href":"https:\/\/portaldeyoung.uy\/index.php\/wp-json\/wp\/v2\/media?parent=6929"}],"wp:term":[{"taxonomy":"category","embeddable":true,"href":"https:\/\/portaldeyoung.uy\/index.php\/wp-json\/wp\/v2\/categories?post=6929"},{"taxonomy":"post_tag","embeddable":true,"href":"https:\/\/portaldeyoung.uy\/index.php\/wp-json\/wp\/v2\/tags?post=6929"}],"curies":[{"name":"wp","href":"https:\/\/api.w.org\/{rel}","templated":true}]}}