{"id":6918,"date":"2025-12-18T22:23:16","date_gmt":"2025-12-18T22:23:16","guid":{"rendered":"https:\/\/portaldeyoung.uy\/?p=6918"},"modified":"2025-12-19T10:54:06","modified_gmt":"2025-12-19T10:54:06","slug":"plaza-se-consagro-campeon-del-basquet-de-young","status":"publish","type":"post","link":"https:\/\/portaldeyoung.uy\/index.php\/2025\/12\/18\/plaza-se-consagro-campeon-del-basquet-de-young\/","title":{"rendered":"Plaza se consagr\u00f3 campe\u00f3n del B\u00e1squet de Young"},"content":{"rendered":"\n<p>Plaza se coron\u00f3 campe\u00f3n del B\u00e1squet de Young tras imponerse por 65 a 62 ante Bohemios en una final intensa, cambiante y cargada de emociones, disputada ante un marco de p\u00fablico que acompa\u00f1\u00f3 el desarrollo del torneo.<\/p>\n\n\n\n<p>De acuerdo al comentario de Guillermo Centuri\u00f3n, del <em><strong>Portal de Young<\/strong><\/em>, el partido mostr\u00f3 dos caracter\u00edsticas bien marcadas: por un lado, la concentraci\u00f3n y el orden de los j\u00f3venes de Plaza; por otro, la resistencia f\u00edsica y la experiencia del plantel adulto de Bohemios. Esa combinaci\u00f3n dio lugar a un encuentro sumamente parejo, en el que ninguno de los dos equipos logr\u00f3 despegarse definitivamente en el marcador.<\/p>\n\n\n\n<p>A lo largo de todo el juego, el tr\u00e1mite fue de ida y vuelta. Cuando uno parec\u00eda tomar ventaja, el otro reaccionaba y volv\u00eda a emparejar el desarrollo. Incluso en pasajes donde un equipo mostraba mejor funcionamiento colectivo, el bal\u00f3n no siempre ingresaba, una situaci\u00f3n que se acentu\u00f3 en el \u00faltimo cuarto.<\/p>\n\n\n\n<p>En ese tramo final, la falta de efectividad gener\u00f3 frustraci\u00f3n en Bohemios y, a falta de 10 segundos para el cierre, se produjo un desenlace ca\u00f3tico: se registraron tres expulsiones en el conjunto bohemio y una en el equipo de Plaza, en un episodio que termin\u00f3 de sellar el resultado.<\/p>\n\n\n\n<p>Con ese cierre, Plaza sostuvo la diferencia y se qued\u00f3 con la victoria por 65 a 62, consagr\u00e1ndose campe\u00f3n del b\u00e1squetbol local y celebrando un t\u00edtulo trabajado, en una final que quedar\u00e1 en el recuerdo por su paridad y dramatismo.<\/p>\n\n\n\n<figure class=\"wp-block-image size-large\"><img loading=\"lazy\" decoding=\"async\" width=\"1024\" height=\"768\" src=\"https:\/\/portaldeyoung.uy\/wp-content\/uploads\/2025\/12\/Plaza-campeon-1024x768.jpg\" alt=\"\" class=\"wp-image-6920\" srcset=\"https:\/\/portaldeyoung.uy\/wp-content\/uploads\/2025\/12\/Plaza-campeon-1024x768.jpg 1024w, https:\/\/portaldeyoung.uy\/wp-content\/uploads\/2025\/12\/Plaza-campeon-300x225.jpg 300w, https:\/\/portaldeyoung.uy\/wp-content\/uploads\/2025\/12\/Plaza-campeon-768x576.jpg 768w, https:\/\/portaldeyoung.uy\/wp-content\/uploads\/2025\/12\/Plaza-campeon-800x600.jpg 800w, https:\/\/portaldeyoung.uy\/wp-content\/uploads\/2025\/12\/Plaza-campeon.jpg 1200w\" sizes=\"auto, (max-width: 1024px) 100vw, 1024px\" \/><\/figure>\n\n\n\n<figure class=\"wp-block-image size-large\"><img loading=\"lazy\" decoding=\"async\" width=\"767\" height=\"1024\" src=\"https:\/\/portaldeyoung.uy\/wp-content\/uploads\/2025\/12\/Nelsis-767x1024.jpeg\" alt=\"\" class=\"wp-image-6921\" srcset=\"https:\/\/portaldeyoung.uy\/wp-content\/uploads\/2025\/12\/Nelsis-767x1024.jpeg 767w, https:\/\/portaldeyoung.uy\/wp-content\/uploads\/2025\/12\/Nelsis-225x300.jpeg 225w, https:\/\/portaldeyoung.uy\/wp-content\/uploads\/2025\/12\/Nelsis-768x1025.jpeg 768w, https:\/\/portaldeyoung.uy\/wp-content\/uploads\/2025\/12\/Nelsis-1151x1536.jpeg 1151w, https:\/\/portaldeyoung.uy\/wp-content\/uploads\/2025\/12\/Nelsis.jpeg 1199w\" sizes=\"auto, (max-width: 767px) 100vw, 767px\" \/><\/figure>\n\n\n\n<p>*Santiago Nelcis &#8211; Goleador del Campeonato<\/p>\n\n\n\n<figure class=\"wp-block-image size-large\"><img loading=\"lazy\" decoding=\"async\" width=\"767\" height=\"1024\" src=\"https:\/\/portaldeyoung.uy\/wp-content\/uploads\/2025\/12\/safir-767x1024.jpeg\" alt=\"\" class=\"wp-image-6922\" srcset=\"https:\/\/portaldeyoung.uy\/wp-content\/uploads\/2025\/12\/safir-767x1024.jpeg 767w, https:\/\/portaldeyoung.uy\/wp-content\/uploads\/2025\/12\/safir-225x300.jpeg 225w, https:\/\/portaldeyoung.uy\/wp-content\/uploads\/2025\/12\/safir-768x1025.jpeg 768w, https:\/\/portaldeyoung.uy\/wp-content\/uploads\/2025\/12\/safir-1151x1536.jpeg 1151w, https:\/\/portaldeyoung.uy\/wp-content\/uploads\/2025\/12\/safir.jpeg 1199w\" sizes=\"auto, (max-width: 767px) 100vw, 767px\" \/><\/figure>\n\n\n\n<p>*Galelo Safir Triplero del Campeonato<\/p>\n\n\n\n<figure class=\"wp-block-image size-large\"><img loading=\"lazy\" decoding=\"async\" width=\"767\" height=\"1024\" src=\"https:\/\/portaldeyoung.uy\/wp-content\/uploads\/2025\/12\/Harwitch-767x1024.jpeg\" alt=\"\" class=\"wp-image-6923\" srcset=\"https:\/\/portaldeyoung.uy\/wp-content\/uploads\/2025\/12\/Harwitch-767x1024.jpeg 767w, https:\/\/portaldeyoung.uy\/wp-content\/uploads\/2025\/12\/Harwitch-225x300.jpeg 225w, https:\/\/portaldeyoung.uy\/wp-content\/uploads\/2025\/12\/Harwitch-768x1025.jpeg 768w, https:\/\/portaldeyoung.uy\/wp-content\/uploads\/2025\/12\/Harwitch-1151x1536.jpeg 1151w, https:\/\/portaldeyoung.uy\/wp-content\/uploads\/2025\/12\/Harwitch.jpeg 1199w\" sizes=\"auto, (max-width: 767px) 100vw, 767px\" \/><\/figure>\n\n\n\n<p>*Agust\u00edn Hartwich mejor jugador de la Final<\/p>\n","protected":false},"excerpt":{"rendered":"<p>Plaza se coron\u00f3 campe\u00f3n del B\u00e1squet de Young tras imponerse por 65 a 62 ante Bohemios en una final intensa, cambiante y cargada de emociones,<\/p>\n","protected":false},"author":1,"featured_media":6919,"comment_status":"closed","ping_status":"open","sticky":false,"template":"","format":"standard","meta":{"advgb_blocks_editor_width":"","advgb_blocks_columns_visual_guide":"","footnotes":"","jetpack_publicize_message":"","jetpack_publicize_feature_enabled":true,"jetpack_social_post_already_shared":true,"jetpack_social_options":{"image_generator_settings":{"template":"highway","default_image_id":0,"font":"","enabled":false},"version":2}},"categories":[5],"tags":[],"class_list":["post-6918","post","type-post","status-publish","format-standard","has-post-thumbnail","hentry","category-de-la-tribuna"],"author_meta":{"display_name":"Portal","author_link":"https:\/\/portaldeyoung.uy\/index.php\/author\/admin_port\/"},"featured_img":"https:\/\/portaldeyoung.uy\/wp-content\/uploads\/2025\/12\/Plaza-campeon-00-300x225.jpg","jetpack_publicize_connections":[],"coauthors":[],"tax_additional":{"categories":{"linked":["<a href=\"https:\/\/portaldeyoung.uy\/index.php\/category\/de-la-tribuna\/\" class=\"advgb-post-tax-term\">De la tribuna<\/a>"],"unlinked":["<span class=\"advgb-post-tax-term\">De la tribuna<\/span>"]}},"comment_count":"0","relative_dates":{"created":"Publicado 4 meses hace","modified":"Actualizado 4 meses hace"},"absolute_dates":{"created":"Publicado el diciembre 18, 2025","modified":"Actualizado el diciembre 19, 2025"},"absolute_dates_time":{"created":"Publicado el diciembre 18, 2025 10:23 pm","modified":"Actualizado el diciembre 19, 2025 10:54 am"},"featured_img_caption":"","series_order":"","_links":{"self":[{"href":"https:\/\/portaldeyoung.uy\/index.php\/wp-json\/wp\/v2\/posts\/6918","targetHints":{"allow":["GET"]}}],"collection":[{"href":"https:\/\/portaldeyoung.uy\/index.php\/wp-json\/wp\/v2\/posts"}],"about":[{"href":"https:\/\/portaldeyoung.uy\/index.php\/wp-json\/wp\/v2\/types\/post"}],"author":[{"embeddable":true,"href":"https:\/\/portaldeyoung.uy\/index.php\/wp-json\/wp\/v2\/users\/1"}],"replies":[{"embeddable":true,"href":"https:\/\/portaldeyoung.uy\/index.php\/wp-json\/wp\/v2\/comments?post=6918"}],"version-history":[{"count":2,"href":"https:\/\/portaldeyoung.uy\/index.php\/wp-json\/wp\/v2\/posts\/6918\/revisions"}],"predecessor-version":[{"id":6926,"href":"https:\/\/portaldeyoung.uy\/index.php\/wp-json\/wp\/v2\/posts\/6918\/revisions\/6926"}],"wp:featuredmedia":[{"embeddable":true,"href":"https:\/\/portaldeyoung.uy\/index.php\/wp-json\/wp\/v2\/media\/6919"}],"wp:attachment":[{"href":"https:\/\/portaldeyoung.uy\/index.php\/wp-json\/wp\/v2\/media?parent=6918"}],"wp:term":[{"taxonomy":"category","embeddable":true,"href":"https:\/\/portaldeyoung.uy\/index.php\/wp-json\/wp\/v2\/categories?post=6918"},{"taxonomy":"post_tag","embeddable":true,"href":"https:\/\/portaldeyoung.uy\/index.php\/wp-json\/wp\/v2\/tags?post=6918"}],"curies":[{"name":"wp","href":"https:\/\/api.w.org\/{rel}","templated":true}]}}