{"id":6878,"date":"2025-12-17T13:16:03","date_gmt":"2025-12-17T13:16:03","guid":{"rendered":"https:\/\/portaldeyoung.uy\/?p=6878"},"modified":"2025-12-22T13:12:41","modified_gmt":"2025-12-22T13:12:41","slug":"autoridades-de-paysandu-promocionaron-en-young-la-nueva-residencia-universitaria-sanducera","status":"publish","type":"post","link":"https:\/\/portaldeyoung.uy\/index.php\/2025\/12\/17\/autoridades-de-paysandu-promocionaron-en-young-la-nueva-residencia-universitaria-sanducera\/","title":{"rendered":"Autoridades de Paysand\u00fa promocionaron en Young la nueva Residencia Universitaria sanducera"},"content":{"rendered":"\n<p>En nuestra ciudad estuvieron   Guadalupe Caballero, directora de Promoci\u00f3n Social de la Intendencia de Paysand\u00fa, y de Antonella Goyeneche, representante de la misma comuna, quienes mantuvieron una reuni\u00f3n con Cristina Ergui, subdirectora de la Unidad de Juventud, G\u00e9nero y Diversidad. El encuentro tuvo como objetivo difundir y promocionar la nueva Residencia Universitaria de Paysand\u00fa, recientemente inaugurada en la costanera de la vecina ciudad.<\/p>\n\n\n\n<p>En di\u00e1logo con la prensa, Caballero agradeci\u00f3 a la Intendencia de R\u00edo Negro, al Municipio de Young y a los medios de comunicaci\u00f3n, destacando la importancia de la difusi\u00f3n para llegar a toda la poblaci\u00f3n. Se\u00f1al\u00f3 que existe una alta demanda de j\u00f3venes de Young que eligen Paysand\u00fa para continuar estudios terciarios y universitarios, dada la amplia oferta educativa de la ciudad. En ese contexto, subray\u00f3 que la residencia surge como respuesta a la necesidad de acompa\u00f1ar a estudiantes que deben recorrer largas distancias o enfrentar el desarraigo familiar.<\/p>\n\n\n\n<p>La jerarca explic\u00f3 que el proyecto, que hoy es una realidad, forma parte del proceso de transformaci\u00f3n de Paysand\u00fa como ciudad universitaria. La residencia cuenta con cinco pisos y una capacidad total de 140 cupos. Se trata de un espacio inclusivo, no solo desde el punto de vista arquitect\u00f3nico, sino tambi\u00e9n por el abordaje integral, con un equipo multidisciplinario y convenios con la Universidad de la Rep\u00fablica, que incluyen el aporte de \u00e1reas como Psicolog\u00eda y Nutrici\u00f3n.<\/p>\n\n\n\n<p>El edificio dispone de dormitorios con capacidad para cuatro estudiantes, espacios verdes, \u00e1reas de ocio, salas de estudio tipo Zoom insonorizadas para el trabajo en grupo y un auditorio destinado a charlas e intercambios acad\u00e9micos y culturales. \u201cEs una residencia acorde a estos tiempos, pensada para los j\u00f3venes\u201d, afirm\u00f3 Caballero, invitando a los interesados a inscribirse. Link: <a href=\"https:\/\/www.paysandu.gub.uy\/rup\/\">https:\/\/www.paysandu.gub.uy\/rup\/<\/a><\/p>\n\n\n\n<p>Por su parte, Antonella Goyeneche brind\u00f3 detalles sobre el equipamiento y funcionamiento del lugar, destacando que se trata de un espacio totalmente nuevo, dise\u00f1ado cuidando cada detalle. Cada dormitorio cuenta con camas, escritorios y mobiliario individual, terrazas o balcones con vista al r\u00edo, \u00e1reas comunes, lavadero con lavarropas y secarropas, adem\u00e1s de terrazas para colgar ropa. Tambi\u00e9n remarc\u00f3 el dise\u00f1o sostenible del edificio, que contempla criterios ambientales y clim\u00e1ticos, y la implementaci\u00f3n de un sistema de gesti\u00f3n de calidad que permitir\u00e1 monitorear el bienestar y la satisfacci\u00f3n de los estudiantes.<\/p>\n\n\n\n<p>En cuanto a las inscripciones, se inform\u00f3 que ya est\u00e1n abiertas y permanecer\u00e1n disponibles mientras existan cupos. Uno de los requisitos principales es ser mayor de 18 a\u00f1os al 30 de abril de 2026 y manifestar la intenci\u00f3n de cursar una carrera terciaria o universitaria. El proceso se inicia mediante un formulario web, que luego da paso a una entrevista por Zoom con el estudiante y un referente familiar, donde se eval\u00faa la situaci\u00f3n acad\u00e9mica y socioecon\u00f3mica.<\/p>\n\n\n\n<p>El costo est\u00e1ndar de la residencia equivale a una BPC y media, con la posibilidad de solicitar tarifas promocionales en funci\u00f3n de la realidad familiar. Las autoridades destacaron que el proyecto fue concebido con una mirada regional, ya que la matr\u00edcula universitaria de Paysand\u00fa recibe estudiantes de todo el pa\u00eds e incluso del exterior, promoviendo la integraci\u00f3n, la diversidad y el crecimiento personal.<\/p>\n\n\n\n<p>Finalmente, se invit\u00f3 a los j\u00f3venes de Young y la regi\u00f3n a informarse y postularse con anticipaci\u00f3n, para facilitar los tr\u00e1mites administrativos y asegurar su lugar en la residencia universitaria sanducera.<\/p>\n","protected":false},"excerpt":{"rendered":"<p>En nuestra ciudad estuvieron Guadalupe Caballero, directora de Promoci\u00f3n Social de la Intendencia de Paysand\u00fa, y de Antonella Goyeneche, representante de la misma comuna, quienes<\/p>\n","protected":false},"author":1,"featured_media":6879,"comment_status":"closed","ping_status":"open","sticky":false,"template":"","format":"standard","meta":{"advgb_blocks_editor_width":"","advgb_blocks_columns_visual_guide":"","footnotes":"","jetpack_publicize_message":"","jetpack_publicize_feature_enabled":true,"jetpack_social_post_already_shared":true,"jetpack_social_options":{"image_generator_settings":{"template":"highway","default_image_id":0,"font":"","enabled":false},"version":2}},"categories":[28],"tags":[],"class_list":["post-6878","post","type-post","status-publish","format-standard","has-post-thumbnail","hentry","category-de-la-ciudad"],"author_meta":{"display_name":"Portal","author_link":"https:\/\/portaldeyoung.uy\/index.php\/author\/admin_port\/"},"featured_img":"https:\/\/portaldeyoung.uy\/wp-content\/uploads\/2025\/12\/residencia-estudiantil-paysandu-00-300x150.png","jetpack_publicize_connections":[],"coauthors":[],"tax_additional":{"categories":{"linked":["<a href=\"https:\/\/portaldeyoung.uy\/index.php\/category\/de-la-ciudad\/\" class=\"advgb-post-tax-term\">De la ciudad<\/a>"],"unlinked":["<span class=\"advgb-post-tax-term\">De la ciudad<\/span>"]}},"comment_count":"0","relative_dates":{"created":"Publicado 5 meses hace","modified":"Actualizado 4 meses hace"},"absolute_dates":{"created":"Publicado el diciembre 17, 2025","modified":"Actualizado el diciembre 22, 2025"},"absolute_dates_time":{"created":"Publicado el diciembre 17, 2025 1:16 pm","modified":"Actualizado el diciembre 22, 2025 1:12 pm"},"featured_img_caption":"","series_order":"","_links":{"self":[{"href":"https:\/\/portaldeyoung.uy\/index.php\/wp-json\/wp\/v2\/posts\/6878","targetHints":{"allow":["GET"]}}],"collection":[{"href":"https:\/\/portaldeyoung.uy\/index.php\/wp-json\/wp\/v2\/posts"}],"about":[{"href":"https:\/\/portaldeyoung.uy\/index.php\/wp-json\/wp\/v2\/types\/post"}],"author":[{"embeddable":true,"href":"https:\/\/portaldeyoung.uy\/index.php\/wp-json\/wp\/v2\/users\/1"}],"replies":[{"embeddable":true,"href":"https:\/\/portaldeyoung.uy\/index.php\/wp-json\/wp\/v2\/comments?post=6878"}],"version-history":[{"count":1,"href":"https:\/\/portaldeyoung.uy\/index.php\/wp-json\/wp\/v2\/posts\/6878\/revisions"}],"predecessor-version":[{"id":6880,"href":"https:\/\/portaldeyoung.uy\/index.php\/wp-json\/wp\/v2\/posts\/6878\/revisions\/6880"}],"wp:featuredmedia":[{"embeddable":true,"href":"https:\/\/portaldeyoung.uy\/index.php\/wp-json\/wp\/v2\/media\/6879"}],"wp:attachment":[{"href":"https:\/\/portaldeyoung.uy\/index.php\/wp-json\/wp\/v2\/media?parent=6878"}],"wp:term":[{"taxonomy":"category","embeddable":true,"href":"https:\/\/portaldeyoung.uy\/index.php\/wp-json\/wp\/v2\/categories?post=6878"},{"taxonomy":"post_tag","embeddable":true,"href":"https:\/\/portaldeyoung.uy\/index.php\/wp-json\/wp\/v2\/tags?post=6878"}],"curies":[{"name":"wp","href":"https:\/\/api.w.org\/{rel}","templated":true}]}}