{"id":6847,"date":"2025-12-16T20:53:06","date_gmt":"2025-12-16T20:53:06","guid":{"rendered":"https:\/\/portaldeyoung.uy\/?p=6847"},"modified":"2025-12-17T20:04:04","modified_gmt":"2025-12-17T20:04:04","slug":"obras-se-destaca-el-parque-lineal-y-su-fuente-seca-barrio-j4-y-calles-internas-de-paso-de-las-piedras","status":"publish","type":"post","link":"https:\/\/portaldeyoung.uy\/index.php\/2025\/12\/16\/obras-se-destaca-el-parque-lineal-y-su-fuente-seca-barrio-j4-y-calles-internas-de-paso-de-las-piedras\/","title":{"rendered":"Obras: se destaca el Parque Lineal y su fuente seca, barrio J4 y calles internas de Paso de las Piedras"},"content":{"rendered":"\n<p>En di\u00e1logo con el <em>Portal de Young<\/em>, el encargado de los Servicios Municipales en la ciudad, N\u00e9stor De los Santos, brind\u00f3 detalles sobre las principales obras que se vienen desarrollando por parte del personal municipal, destacando especialmente la inauguraci\u00f3n del Parque Lineal, prevista para este viernes 19, as\u00ed como proyectos relevantes que se contemplan en el nuevo presupuesto, entre ellos una importante intervenci\u00f3n para el barrio MEVIR 4.<\/p>\n\n\n\n<p>De los Santos se\u00f1al\u00f3 que actualmente se trabaja con una metodolog\u00eda distinta a la aplicada en per\u00edodos anteriores, priorizando la coordinaci\u00f3n permanente con el Municipio de Young. \u201cEstamos complement\u00e1ndonos de forma constante en las tareas de mantenimiento y en la ejecuci\u00f3n de obras, con el objetivo de ir mejorando la ciudad y cumpliendo con lo que se prometi\u00f3 en campa\u00f1a\u201d, expres\u00f3.<\/p>\n\n\n\n<p>Entre las obras m\u00e1s destacadas, confirm\u00f3 que el Parque Lineal se encuentra en su etapa final. Se trata de una iniciativa iniciada en administraci\u00f3n Terzaghi y que ahora ser\u00e1 culminada e inaugurada oficialmente. La obra comprende la intervenci\u00f3n de un amplio sector de la ciudad, con mejoras en el entorno urbano, eliminaci\u00f3n de antiguos desag\u00fces y cruces peatonales, la construcci\u00f3n de una plaza con espacio para eventos y la instalaci\u00f3n de una fuente seca danzante.<\/p>\n\n\n\n<p>Seg\u00fan explic\u00f3, esta fuente \u2014ubicada frente a la comisar\u00eda pero sobre  18 de Julio casi Fray Bentos\u2014 contar\u00e1 con un moderno sistema de aguas y m\u00fasica, convirti\u00e9ndose en uno de los principales atractivos del parque. \u201cVa a ser una de las pocas fuentes de este tipo en el interior del pa\u00eds y un espect\u00e1culo muy interesante para que disfrute toda la ciudad\u201d, afirm\u00f3.<\/p>\n\n\n\n<p>El proyecto del Parque Lineal incluye adem\u00e1s un rosedal cerca de calle Oribe por 18 de Julio, con una estructura met\u00e1lica especialmente dise\u00f1ada, y canchas multiuso que estar\u00e1n disponibles para la pr\u00e1ctica deportiva y recreativa. De los Santos remarc\u00f3 la importancia del cuidado de estos espacios p\u00fablicos, apelando al compromiso de los vecinos para preservar un lugar que defini\u00f3 como \u201cmuy lindo y diferencial para la ciudad\u201d.<\/p>\n\n\n\n<p>En materia de infraestructura barrial,  destac\u00f3 el avance de la obra de cord\u00f3n cuneta en el barrio J4, una intervenci\u00f3n que consider\u00f3 clave para mejorar sustancialmente la zona. Asimismo, inform\u00f3 que se inici\u00f3 la primera etapa de trabajos en el \u00e1rea del antiguo monte Mar\u00edn, hoy Parque Mar\u00edn, donde se est\u00e1n realizando tareas de apertura y planificaci\u00f3n de calles, pensando en el desarrollo futuro de un nuevo barrio con proyecci\u00f3n habitacional en complejos de viviendas.<\/p>\n\n\n\n<p>Destac\u00f3 tambi\u00e9n que se trabaja en la bituminizaci\u00f3n de las calles internas del Balneario Paso de las Piedras, el que estar\u00e1 en muy buenas condiciones para recibir veraneantes y turistas.<\/p>\n\n\n\n<p>Finalmente, De los Santos adelant\u00f3 que de cara al nuevo presupuesto se est\u00e1n estudiando y cuantificando varios proyectos, entre ellos una obra de relevancia para el barrio MEVIR 4, que podr\u00eda concretarse durante el actual per\u00edodo de gobierno, tanto desde la Intendencia como en coordinaci\u00f3n con el Municipio de Young.<\/p>\n\n\n\n<p>Audio Entrevista:<\/p>\n\n\n\n<figure class=\"wp-block-audio\"><audio controls src=\"https:\/\/portaldeyoung.uy\/wp-content\/uploads\/2025\/12\/De-los-Santos.mp3\"><\/audio><\/figure>\n\n\n\n<figure class=\"wp-block-image size-large\"><img loading=\"lazy\" decoding=\"async\" width=\"1024\" height=\"597\" src=\"https:\/\/portaldeyoung.uy\/wp-content\/uploads\/2025\/12\/Parque-lineal-1024x597.jpg\" alt=\"\" class=\"wp-image-6849\" srcset=\"https:\/\/portaldeyoung.uy\/wp-content\/uploads\/2025\/12\/Parque-lineal-1024x597.jpg 1024w, https:\/\/portaldeyoung.uy\/wp-content\/uploads\/2025\/12\/Parque-lineal-300x175.jpg 300w, https:\/\/portaldeyoung.uy\/wp-content\/uploads\/2025\/12\/Parque-lineal-768x448.jpg 768w, https:\/\/portaldeyoung.uy\/wp-content\/uploads\/2025\/12\/Parque-lineal.jpg 1200w\" sizes=\"auto, (max-width: 1024px) 100vw, 1024px\" \/><\/figure>\n","protected":false},"excerpt":{"rendered":"<p>En di\u00e1logo con el Portal de Young, el encargado de los Servicios Municipales en la ciudad, N\u00e9stor De los Santos, brind\u00f3 detalles sobre las principales<\/p>\n","protected":false},"author":1,"featured_media":6848,"comment_status":"closed","ping_status":"open","sticky":false,"template":"","format":"standard","meta":{"advgb_blocks_editor_width":"","advgb_blocks_columns_visual_guide":"","footnotes":"","jetpack_publicize_message":"","jetpack_publicize_feature_enabled":true,"jetpack_social_post_already_shared":true,"jetpack_social_options":{"image_generator_settings":{"template":"highway","default_image_id":0,"font":"","enabled":false},"version":2}},"categories":[4],"tags":[],"class_list":["post-6847","post","type-post","status-publish","format-standard","has-post-thumbnail","hentry","category-de-aca"],"author_meta":{"display_name":"Portal","author_link":"https:\/\/portaldeyoung.uy\/index.php\/author\/admin_port\/"},"featured_img":"https:\/\/portaldeyoung.uy\/wp-content\/uploads\/2025\/12\/Parque-lineal-fuente-seca-300x169.jpg","jetpack_publicize_connections":[],"coauthors":[],"tax_additional":{"categories":{"linked":["<a href=\"https:\/\/portaldeyoung.uy\/index.php\/category\/de-aca\/\" class=\"advgb-post-tax-term\">De ac\u00e1<\/a>"],"unlinked":["<span class=\"advgb-post-tax-term\">De ac\u00e1<\/span>"]}},"comment_count":"0","relative_dates":{"created":"Publicado 5 meses hace","modified":"Actualizado 4 meses hace"},"absolute_dates":{"created":"Publicado el diciembre 16, 2025","modified":"Actualizado el diciembre 17, 2025"},"absolute_dates_time":{"created":"Publicado el diciembre 16, 2025 8:53 pm","modified":"Actualizado el diciembre 17, 2025 8:04 pm"},"featured_img_caption":"","series_order":"","_links":{"self":[{"href":"https:\/\/portaldeyoung.uy\/index.php\/wp-json\/wp\/v2\/posts\/6847","targetHints":{"allow":["GET"]}}],"collection":[{"href":"https:\/\/portaldeyoung.uy\/index.php\/wp-json\/wp\/v2\/posts"}],"about":[{"href":"https:\/\/portaldeyoung.uy\/index.php\/wp-json\/wp\/v2\/types\/post"}],"author":[{"embeddable":true,"href":"https:\/\/portaldeyoung.uy\/index.php\/wp-json\/wp\/v2\/users\/1"}],"replies":[{"embeddable":true,"href":"https:\/\/portaldeyoung.uy\/index.php\/wp-json\/wp\/v2\/comments?post=6847"}],"version-history":[{"count":1,"href":"https:\/\/portaldeyoung.uy\/index.php\/wp-json\/wp\/v2\/posts\/6847\/revisions"}],"predecessor-version":[{"id":6851,"href":"https:\/\/portaldeyoung.uy\/index.php\/wp-json\/wp\/v2\/posts\/6847\/revisions\/6851"}],"wp:featuredmedia":[{"embeddable":true,"href":"https:\/\/portaldeyoung.uy\/index.php\/wp-json\/wp\/v2\/media\/6848"}],"wp:attachment":[{"href":"https:\/\/portaldeyoung.uy\/index.php\/wp-json\/wp\/v2\/media?parent=6847"}],"wp:term":[{"taxonomy":"category","embeddable":true,"href":"https:\/\/portaldeyoung.uy\/index.php\/wp-json\/wp\/v2\/categories?post=6847"},{"taxonomy":"post_tag","embeddable":true,"href":"https:\/\/portaldeyoung.uy\/index.php\/wp-json\/wp\/v2\/tags?post=6847"}],"curies":[{"name":"wp","href":"https:\/\/api.w.org\/{rel}","templated":true}]}}