{"id":6730,"date":"2025-12-12T13:41:56","date_gmt":"2025-12-12T13:41:56","guid":{"rendered":"https:\/\/portaldeyoung.uy\/?p=6730"},"modified":"2025-12-12T13:43:19","modified_gmt":"2025-12-12T13:43:19","slug":"nacional-se-consagro-campeon-sub-17-tras-una-vibrante-final-ante-san-lorenzo","status":"publish","type":"post","link":"https:\/\/portaldeyoung.uy\/index.php\/2025\/12\/12\/nacional-se-consagro-campeon-sub-17-tras-una-vibrante-final-ante-san-lorenzo\/","title":{"rendered":"Nacional se consagr\u00f3 campe\u00f3n Sub 17 tras una vibrante final ante San Lorenzo"},"content":{"rendered":"\n<p>En una definici\u00f3n cargada de intensidad y emoci\u00f3n, disputada en el Estadio Lavalleja, Nacional se qued\u00f3 con el t\u00edtulo de la categor\u00eda Sub 17 al vencer 2 a 1 a San Lorenzo. El conjunto tricolor logr\u00f3 revertir un marcador adverso en el tramo final del encuentro, celebrando un campeonato que no obten\u00eda desde hac\u00eda casi treinta a\u00f1os en alguna de las divisionales de Honor.<\/p>\n\n\n\n<p><strong>Un duelo jugado al l\u00edmite<\/strong><\/p>\n\n\n\n<p>La final se desarroll\u00f3 con el ritmo vertiginoso, seg\u00fan consigna el Portal deportivo <em><strong>De Primera<\/strong><\/em>, propio de las grandes citas. San Lorenzo abri\u00f3 el marcador apenas iniciado el complemento, cuando a los 53 minutos Gonzalo Fredo aprovech\u00f3 una oportunidad en el \u00e1rea para adelantar a su equipo.<\/p>\n\n\n\n<p>Sin embargo, lejos de resignarse, Nacional reforz\u00f3 su ofensiva y protagoniz\u00f3 una remontada memorable en los minutos decisivos. A los 85, Santiago Parada marc\u00f3 el tanto del empate, encendiendo nuevamente la ilusi\u00f3n tricolor. Tres minutos m\u00e1s tarde, a los 88, Ignacio De Los Santos concret\u00f3 el gol que sell\u00f3 el 2 a 1 definitivo y desat\u00f3 la celebraci\u00f3n de jugadores, cuerpo t\u00e9cnico y familias en el estadio.<\/p>\n\n\n\n<p>Con este triunfo, Nacional vuelve a inscribir su nombre en lo m\u00e1s alto del f\u00fatbol juvenil local, de acuerdo a la cr\u00f3nica <em>De Primera<\/em>.<\/p>\n\n\n\n<figure class=\"wp-block-image size-full\"><img loading=\"lazy\" decoding=\"async\" width=\"589\" height=\"411\" src=\"https:\/\/portaldeyoung.uy\/wp-content\/uploads\/2025\/12\/Nacional-sub-17.png\" alt=\"\" class=\"wp-image-6732\" srcset=\"https:\/\/portaldeyoung.uy\/wp-content\/uploads\/2025\/12\/Nacional-sub-17.png 589w, https:\/\/portaldeyoung.uy\/wp-content\/uploads\/2025\/12\/Nacional-sub-17-300x209.png 300w\" sizes=\"auto, (max-width: 589px) 100vw, 589px\" \/><\/figure>\n","protected":false},"excerpt":{"rendered":"<p>En una definici\u00f3n cargada de intensidad y emoci\u00f3n, disputada en el Estadio Lavalleja, Nacional se qued\u00f3 con el t\u00edtulo de la categor\u00eda Sub 17 al<\/p>\n","protected":false},"author":1,"featured_media":6731,"comment_status":"closed","ping_status":"open","sticky":false,"template":"","format":"standard","meta":{"advgb_blocks_editor_width":"","advgb_blocks_columns_visual_guide":"","footnotes":"","jetpack_publicize_message":"","jetpack_publicize_feature_enabled":true,"jetpack_social_post_already_shared":true,"jetpack_social_options":{"image_generator_settings":{"template":"highway","default_image_id":0,"font":"","enabled":false},"version":2}},"categories":[5],"tags":[],"class_list":["post-6730","post","type-post","status-publish","format-standard","has-post-thumbnail","hentry","category-de-la-tribuna"],"author_meta":{"display_name":"Portal","author_link":"https:\/\/portaldeyoung.uy\/index.php\/author\/admin_port\/"},"featured_img":"https:\/\/portaldeyoung.uy\/wp-content\/uploads\/2025\/12\/Nacional-sub-17-00-300x217.png","jetpack_publicize_connections":[],"coauthors":[],"tax_additional":{"categories":{"linked":["<a href=\"https:\/\/portaldeyoung.uy\/index.php\/category\/de-la-tribuna\/\" class=\"advgb-post-tax-term\">De la tribuna<\/a>"],"unlinked":["<span class=\"advgb-post-tax-term\">De la tribuna<\/span>"]}},"comment_count":"0","relative_dates":{"created":"Publicado 5 meses hace","modified":"Actualizado 5 meses hace"},"absolute_dates":{"created":"Publicado el diciembre 12, 2025","modified":"Actualizado el diciembre 12, 2025"},"absolute_dates_time":{"created":"Publicado el diciembre 12, 2025 1:41 pm","modified":"Actualizado el diciembre 12, 2025 1:43 pm"},"featured_img_caption":"","series_order":"","_links":{"self":[{"href":"https:\/\/portaldeyoung.uy\/index.php\/wp-json\/wp\/v2\/posts\/6730","targetHints":{"allow":["GET"]}}],"collection":[{"href":"https:\/\/portaldeyoung.uy\/index.php\/wp-json\/wp\/v2\/posts"}],"about":[{"href":"https:\/\/portaldeyoung.uy\/index.php\/wp-json\/wp\/v2\/types\/post"}],"author":[{"embeddable":true,"href":"https:\/\/portaldeyoung.uy\/index.php\/wp-json\/wp\/v2\/users\/1"}],"replies":[{"embeddable":true,"href":"https:\/\/portaldeyoung.uy\/index.php\/wp-json\/wp\/v2\/comments?post=6730"}],"version-history":[{"count":1,"href":"https:\/\/portaldeyoung.uy\/index.php\/wp-json\/wp\/v2\/posts\/6730\/revisions"}],"predecessor-version":[{"id":6733,"href":"https:\/\/portaldeyoung.uy\/index.php\/wp-json\/wp\/v2\/posts\/6730\/revisions\/6733"}],"wp:featuredmedia":[{"embeddable":true,"href":"https:\/\/portaldeyoung.uy\/index.php\/wp-json\/wp\/v2\/media\/6731"}],"wp:attachment":[{"href":"https:\/\/portaldeyoung.uy\/index.php\/wp-json\/wp\/v2\/media?parent=6730"}],"wp:term":[{"taxonomy":"category","embeddable":true,"href":"https:\/\/portaldeyoung.uy\/index.php\/wp-json\/wp\/v2\/categories?post=6730"},{"taxonomy":"post_tag","embeddable":true,"href":"https:\/\/portaldeyoung.uy\/index.php\/wp-json\/wp\/v2\/tags?post=6730"}],"curies":[{"name":"wp","href":"https:\/\/api.w.org\/{rel}","templated":true}]}}