{"id":6724,"date":"2025-12-12T13:07:14","date_gmt":"2025-12-12T13:07:14","guid":{"rendered":"https:\/\/portaldeyoung.uy\/?p=6724"},"modified":"2025-12-15T20:38:47","modified_gmt":"2025-12-15T20:38:47","slug":"denuncia-por-faltante-de-ganado-en-san-javier","status":"publish","type":"post","link":"https:\/\/portaldeyoung.uy\/index.php\/2025\/12\/12\/denuncia-por-faltante-de-ganado-en-san-javier\/","title":{"rendered":"Denuncia por faltante de ganado en San Javier"},"content":{"rendered":"\n<p>Una vecina de la localidad de San Javier present\u00f3 una denuncia en la Seccional Quinta por la desaparici\u00f3n de una vaca gestante perteneciente a su establecimiento rural. Seg\u00fan manifest\u00f3, el animal se encontraba dentro de su predio y contaba con toda la documentaci\u00f3n y el registro correspondiente que acreditan su propiedad.<\/p>\n\n\n\n<p>La denunciante avalu\u00f3 la p\u00e9rdida en 1.200 d\u00f3lares estadounidenses. Tras recibirse la exposici\u00f3n, la Polic\u00eda inici\u00f3 las averiguaciones para esclarecer lo ocurrido y determinar el paradero del ganado.<\/p>\n","protected":false},"excerpt":{"rendered":"<p>Una vecina de la localidad de San Javier present\u00f3 una denuncia en la Seccional Quinta por la desaparici\u00f3n de una vaca gestante perteneciente a su<\/p>\n","protected":false},"author":1,"featured_media":1890,"comment_status":"closed","ping_status":"open","sticky":false,"template":"","format":"standard","meta":{"advgb_blocks_editor_width":"","advgb_blocks_columns_visual_guide":"","footnotes":"","jetpack_publicize_message":"Una vecina de la localidad de San Javier present\u00f3 una denuncia en la Seccional Quinta por la desaparici\u00f3n de una vaca gestante perteneciente a su establecimiento rural...","jetpack_publicize_feature_enabled":true,"jetpack_social_post_already_shared":true,"jetpack_social_options":{"image_generator_settings":{"template":"highway","default_image_id":0,"font":"","enabled":false},"version":2}},"categories":[29],"tags":[],"class_list":["post-6724","post","type-post","status-publish","format-standard","has-post-thumbnail","hentry","category-del-territorio"],"author_meta":{"display_name":"Portal","author_link":"https:\/\/portaldeyoung.uy\/index.php\/author\/admin_port\/"},"featured_img":"https:\/\/portaldeyoung.uy\/wp-content\/uploads\/2025\/07\/policia-rural-300x169.jpg","jetpack_publicize_connections":[],"coauthors":[],"tax_additional":{"categories":{"linked":["<a href=\"https:\/\/portaldeyoung.uy\/index.php\/category\/del-territorio\/\" class=\"advgb-post-tax-term\">Del territorio<\/a>"],"unlinked":["<span class=\"advgb-post-tax-term\">Del territorio<\/span>"]}},"comment_count":"0","relative_dates":{"created":"Publicado 5 meses hace","modified":"Actualizado 5 meses hace"},"absolute_dates":{"created":"Publicado el diciembre 12, 2025","modified":"Actualizado el diciembre 15, 2025"},"absolute_dates_time":{"created":"Publicado el diciembre 12, 2025 1:07 pm","modified":"Actualizado el diciembre 15, 2025 8:38 pm"},"featured_img_caption":"","series_order":"","_links":{"self":[{"href":"https:\/\/portaldeyoung.uy\/index.php\/wp-json\/wp\/v2\/posts\/6724","targetHints":{"allow":["GET"]}}],"collection":[{"href":"https:\/\/portaldeyoung.uy\/index.php\/wp-json\/wp\/v2\/posts"}],"about":[{"href":"https:\/\/portaldeyoung.uy\/index.php\/wp-json\/wp\/v2\/types\/post"}],"author":[{"embeddable":true,"href":"https:\/\/portaldeyoung.uy\/index.php\/wp-json\/wp\/v2\/users\/1"}],"replies":[{"embeddable":true,"href":"https:\/\/portaldeyoung.uy\/index.php\/wp-json\/wp\/v2\/comments?post=6724"}],"version-history":[{"count":2,"href":"https:\/\/portaldeyoung.uy\/index.php\/wp-json\/wp\/v2\/posts\/6724\/revisions"}],"predecessor-version":[{"id":6743,"href":"https:\/\/portaldeyoung.uy\/index.php\/wp-json\/wp\/v2\/posts\/6724\/revisions\/6743"}],"wp:featuredmedia":[{"embeddable":true,"href":"https:\/\/portaldeyoung.uy\/index.php\/wp-json\/wp\/v2\/media\/1890"}],"wp:attachment":[{"href":"https:\/\/portaldeyoung.uy\/index.php\/wp-json\/wp\/v2\/media?parent=6724"}],"wp:term":[{"taxonomy":"category","embeddable":true,"href":"https:\/\/portaldeyoung.uy\/index.php\/wp-json\/wp\/v2\/categories?post=6724"},{"taxonomy":"post_tag","embeddable":true,"href":"https:\/\/portaldeyoung.uy\/index.php\/wp-json\/wp\/v2\/tags?post=6724"}],"curies":[{"name":"wp","href":"https:\/\/api.w.org\/{rel}","templated":true}]}}