{"id":6680,"date":"2025-12-11T13:00:42","date_gmt":"2025-12-11T13:00:42","guid":{"rendered":"https:\/\/portaldeyoung.uy\/?p=6680"},"modified":"2025-12-11T13:01:51","modified_gmt":"2025-12-11T13:01:51","slug":"ataque-a-balazos-en-fray-bentos-un-detenido-con-arma-incautada-y-cocaina","status":"publish","type":"post","link":"https:\/\/portaldeyoung.uy\/index.php\/2025\/12\/11\/ataque-a-balazos-en-fray-bentos-un-detenido-con-arma-incautada-y-cocaina\/","title":{"rendered":"Ataque a balazos en Fray Bentos: un detenido con arma incautada y coca\u00edna"},"content":{"rendered":"\n<p>La Jefatura de Polic\u00eda de R\u00edo Negro confirm\u00f3 este jueves los hechos informados inicialmente por el medio <em>R\u00edo Negro Ahora<\/em> respecto al ataque a balazos ocurrido en la noche del mi\u00e9rcoles en el barrio Las Canteras de Fray Bentos, donde un joven de aproximadamente 25 a\u00f1os result\u00f3 herido.<\/p>\n\n\n\n<p>Seg\u00fan el comunicado difundido por la Direcci\u00f3n Departamental de Investigaciones \u2013 Unidad Fray Bentos, de inmediato se implement\u00f3 un operativo para localizar a los responsables. En un predio ubicado en la intersecci\u00f3n de Abayub\u00e1 y Jacarand\u00e1, entre la vegetaci\u00f3n, los polic\u00edas avistaron a un hombre mayor de edad, quien fue identificado en el lugar.<\/p>\n\n\n\n<p>Durante la inspecci\u00f3n, se le incautaron varios envoltorios con sustancia blanca. El individuo reconoci\u00f3 ser el autor de los disparos y posteriormente fue hallada el arma utilizada en el ataque: un rev\u00f3lver. El detenido cuenta con antecedentes penales. La sustancia incautada fue sometida a reactivo qu\u00edmico, que confirm\u00f3 la presencia de coca\u00edna, con un peso total de 27,1 gramos.<\/p>\n\n\n\n<p>Polic\u00eda Cient\u00edfica realiz\u00f3 el relevamiento de las dos escenas vinculadas al caso, mientras que la Fiscal\u00eda dispuso la detenci\u00f3n del hombre y la continuidad de las actuaciones.<\/p>\n\n\n\n<p>El joven herido recibi\u00f3 los disparos desde una motocicleta. Su estado, inicialmente grave, present\u00f3 mejor\u00eda, aunque debi\u00f3 ser trasladado a Montevideo para continuar su atenci\u00f3n m\u00e9dica. La investigaci\u00f3n contin\u00faa y se aguarda nueva informaci\u00f3n oficial en las pr\u00f3ximas horas.<\/p>\n","protected":false},"excerpt":{"rendered":"<p>La Jefatura de Polic\u00eda de R\u00edo Negro confirm\u00f3 este jueves los hechos informados inicialmente por el medio R\u00edo Negro Ahora respecto al ataque a balazos<\/p>\n","protected":false},"author":1,"featured_media":500,"comment_status":"closed","ping_status":"open","sticky":false,"template":"","format":"standard","meta":{"advgb_blocks_editor_width":"","advgb_blocks_columns_visual_guide":"","footnotes":"","jetpack_publicize_message":"","jetpack_publicize_feature_enabled":true,"jetpack_social_post_already_shared":true,"jetpack_social_options":{"image_generator_settings":{"template":"highway","default_image_id":0,"font":"","enabled":false},"version":2}},"categories":[6],"tags":[],"class_list":["post-6680","post","type-post","status-publish","format-standard","has-post-thumbnail","hentry","category-del-departamento"],"author_meta":{"display_name":"Portal","author_link":"https:\/\/portaldeyoung.uy\/index.php\/author\/admin_port\/"},"featured_img":"https:\/\/portaldeyoung.uy\/wp-content\/uploads\/2025\/06\/Policia-300x193.png","jetpack_publicize_connections":[],"coauthors":[],"tax_additional":{"categories":{"linked":["<a href=\"https:\/\/portaldeyoung.uy\/index.php\/category\/del-departamento\/\" class=\"advgb-post-tax-term\">Del departamento<\/a>"],"unlinked":["<span class=\"advgb-post-tax-term\">Del departamento<\/span>"]}},"comment_count":"0","relative_dates":{"created":"Publicado 5 meses hace","modified":"Actualizado 5 meses hace"},"absolute_dates":{"created":"Publicado el diciembre 11, 2025","modified":"Actualizado el diciembre 11, 2025"},"absolute_dates_time":{"created":"Publicado el diciembre 11, 2025 1:00 pm","modified":"Actualizado el diciembre 11, 2025 1:01 pm"},"featured_img_caption":"","series_order":"","_links":{"self":[{"href":"https:\/\/portaldeyoung.uy\/index.php\/wp-json\/wp\/v2\/posts\/6680","targetHints":{"allow":["GET"]}}],"collection":[{"href":"https:\/\/portaldeyoung.uy\/index.php\/wp-json\/wp\/v2\/posts"}],"about":[{"href":"https:\/\/portaldeyoung.uy\/index.php\/wp-json\/wp\/v2\/types\/post"}],"author":[{"embeddable":true,"href":"https:\/\/portaldeyoung.uy\/index.php\/wp-json\/wp\/v2\/users\/1"}],"replies":[{"embeddable":true,"href":"https:\/\/portaldeyoung.uy\/index.php\/wp-json\/wp\/v2\/comments?post=6680"}],"version-history":[{"count":1,"href":"https:\/\/portaldeyoung.uy\/index.php\/wp-json\/wp\/v2\/posts\/6680\/revisions"}],"predecessor-version":[{"id":6681,"href":"https:\/\/portaldeyoung.uy\/index.php\/wp-json\/wp\/v2\/posts\/6680\/revisions\/6681"}],"wp:featuredmedia":[{"embeddable":true,"href":"https:\/\/portaldeyoung.uy\/index.php\/wp-json\/wp\/v2\/media\/500"}],"wp:attachment":[{"href":"https:\/\/portaldeyoung.uy\/index.php\/wp-json\/wp\/v2\/media?parent=6680"}],"wp:term":[{"taxonomy":"category","embeddable":true,"href":"https:\/\/portaldeyoung.uy\/index.php\/wp-json\/wp\/v2\/categories?post=6680"},{"taxonomy":"post_tag","embeddable":true,"href":"https:\/\/portaldeyoung.uy\/index.php\/wp-json\/wp\/v2\/tags?post=6680"}],"curies":[{"name":"wp","href":"https:\/\/api.w.org\/{rel}","templated":true}]}}