{"id":6553,"date":"2025-12-08T19:58:33","date_gmt":"2025-12-08T19:58:33","guid":{"rendered":"https:\/\/portaldeyoung.uy\/?p=6553"},"modified":"2025-12-09T12:18:00","modified_gmt":"2025-12-09T12:18:00","slug":"ftil-emitio-comunicado-y-convoco-a-paro-parcial-en-apoyo-a-trabajadores-en-huelga-de-hambre","status":"publish","type":"post","link":"https:\/\/portaldeyoung.uy\/index.php\/2025\/12\/08\/ftil-emitio-comunicado-y-convoco-a-paro-parcial-en-apoyo-a-trabajadores-en-huelga-de-hambre\/","title":{"rendered":"FTIL emiti\u00f3 comunicado y convoc\u00f3 a paro parcial en apoyo a trabajadores en huelga de hambre"},"content":{"rendered":"\n<p>La Federaci\u00f3n de Trabajadores de la Industria L\u00e1ctea (FTIL) inform\u00f3 que uno de los trabajadores que llevaba adelante una huelga de hambre debi\u00f3 suspenderla por recomendaci\u00f3n m\u00e9dica, mientras que el gremio confirm\u00f3 un paro parcial en todo el sector para este mi\u00e9rcoles 10 de diciembre.<\/p>\n\n\n\n<p>En un comunicado emitido este lunes, la FTIL se\u00f1al\u00f3 que el compa\u00f1ero Mauricio Fern\u00e1ndez fue obligado a finalizar el ayuno que sosten\u00eda junto a An\u00edbal Appollonia, tras presentar un cuadro de hipertensi\u00f3n de reciente comienzo \u2014con mala respuesta al tratamiento\u2014 y una arritmia. Si bien la situaci\u00f3n cl\u00ednica no reviste gravedad, el equipo m\u00e9dico que monitorea a los huelguistas determin\u00f3 que Fern\u00e1ndez deb\u00eda interrumpir la medida por motivos de salud, decisi\u00f3n que fue adoptada de inmediato.<\/p>\n\n\n\n<p>A pesar de esta situaci\u00f3n, la movilizaci\u00f3n contin\u00faa. Mediante un afiche difundido en redes y medios, la FTIL convoc\u00f3 a un <strong>paro parcial en toda la industria l\u00e1ctea<\/strong> para este <strong>mi\u00e9rcoles 10 de diciembre<\/strong>, en solidaridad con los trabajadores que permanecen en huelga de hambre. La concentraci\u00f3n se realizar\u00e1 <strong>a las 10:00 horas<\/strong>, junto a la denominada \u201cCarpa de la Dignidad\u201d.<\/p>\n\n\n\n<p>La acci\u00f3n sindical es acompa\u00f1ada tambi\u00e9n por la Confederaci\u00f3n de Sindicatos Industriales y el PIT-CNT, en el marco del conflicto que mantiene el sector l\u00e1cteo.<\/p>\n\n\n\n<p>La federaci\u00f3n reafirm\u00f3 que seguir\u00e1 respaldando las reivindicaciones planteadas y acompa\u00f1ando las decisiones sanitarias que garanticen la integridad de los trabajadores involucrados.<\/p>\n","protected":false},"excerpt":{"rendered":"<p>La Federaci\u00f3n de Trabajadores de la Industria L\u00e1ctea (FTIL) inform\u00f3 que uno de los trabajadores que llevaba adelante una huelga de hambre debi\u00f3 suspenderla por<\/p>\n","protected":false},"author":1,"featured_media":6554,"comment_status":"closed","ping_status":"open","sticky":false,"template":"","format":"standard","meta":{"advgb_blocks_editor_width":"","advgb_blocks_columns_visual_guide":"","footnotes":"","jetpack_publicize_message":"","jetpack_publicize_feature_enabled":true,"jetpack_social_post_already_shared":true,"jetpack_social_options":{"image_generator_settings":{"template":"highway","default_image_id":0,"font":"","enabled":false},"version":2}},"categories":[4],"tags":[],"class_list":["post-6553","post","type-post","status-publish","format-standard","has-post-thumbnail","hentry","category-de-aca"],"author_meta":{"display_name":"Portal","author_link":"https:\/\/portaldeyoung.uy\/index.php\/author\/admin_port\/"},"featured_img":"https:\/\/portaldeyoung.uy\/wp-content\/uploads\/2025\/12\/Huelga-300x144.png","jetpack_publicize_connections":[],"coauthors":[],"tax_additional":{"categories":{"linked":["<a href=\"https:\/\/portaldeyoung.uy\/index.php\/category\/de-aca\/\" class=\"advgb-post-tax-term\">De ac\u00e1<\/a>"],"unlinked":["<span class=\"advgb-post-tax-term\">De ac\u00e1<\/span>"]}},"comment_count":"0","relative_dates":{"created":"Publicado 5 meses hace","modified":"Actualizado 5 meses hace"},"absolute_dates":{"created":"Publicado el diciembre 8, 2025","modified":"Actualizado el diciembre 9, 2025"},"absolute_dates_time":{"created":"Publicado el diciembre 8, 2025 7:58 pm","modified":"Actualizado el diciembre 9, 2025 12:18 pm"},"featured_img_caption":"","series_order":"","_links":{"self":[{"href":"https:\/\/portaldeyoung.uy\/index.php\/wp-json\/wp\/v2\/posts\/6553","targetHints":{"allow":["GET"]}}],"collection":[{"href":"https:\/\/portaldeyoung.uy\/index.php\/wp-json\/wp\/v2\/posts"}],"about":[{"href":"https:\/\/portaldeyoung.uy\/index.php\/wp-json\/wp\/v2\/types\/post"}],"author":[{"embeddable":true,"href":"https:\/\/portaldeyoung.uy\/index.php\/wp-json\/wp\/v2\/users\/1"}],"replies":[{"embeddable":true,"href":"https:\/\/portaldeyoung.uy\/index.php\/wp-json\/wp\/v2\/comments?post=6553"}],"version-history":[{"count":1,"href":"https:\/\/portaldeyoung.uy\/index.php\/wp-json\/wp\/v2\/posts\/6553\/revisions"}],"predecessor-version":[{"id":6555,"href":"https:\/\/portaldeyoung.uy\/index.php\/wp-json\/wp\/v2\/posts\/6553\/revisions\/6555"}],"wp:featuredmedia":[{"embeddable":true,"href":"https:\/\/portaldeyoung.uy\/index.php\/wp-json\/wp\/v2\/media\/6554"}],"wp:attachment":[{"href":"https:\/\/portaldeyoung.uy\/index.php\/wp-json\/wp\/v2\/media?parent=6553"}],"wp:term":[{"taxonomy":"category","embeddable":true,"href":"https:\/\/portaldeyoung.uy\/index.php\/wp-json\/wp\/v2\/categories?post=6553"},{"taxonomy":"post_tag","embeddable":true,"href":"https:\/\/portaldeyoung.uy\/index.php\/wp-json\/wp\/v2\/tags?post=6553"}],"curies":[{"name":"wp","href":"https:\/\/api.w.org\/{rel}","templated":true}]}}