{"id":6426,"date":"2025-12-04T19:50:52","date_gmt":"2025-12-04T19:50:52","guid":{"rendered":"https:\/\/portaldeyoung.uy\/?p=6426"},"modified":"2025-12-04T19:53:44","modified_gmt":"2025-12-04T19:53:44","slug":"culmino-la-liga-regional-de-voleibol-de-young-con-finales-en-san-javier","status":"publish","type":"post","link":"https:\/\/portaldeyoung.uy\/index.php\/2025\/12\/04\/culmino-la-liga-regional-de-voleibol-de-young-con-finales-en-san-javier\/","title":{"rendered":"Culmin\u00f3 la Liga Regional de Voleibol de Young con  finales en San Javier"},"content":{"rendered":"\n<p>La Liga Regional de V\u00f3ley de Young cerr\u00f3 una nueva edici\u00f3n , en una jornada colmada de entusiasmo y acompa\u00f1amiento del p\u00fablico. Todos los equipos llegaron al Club River de San Javier con el objetivo de alcanzar las finales en ambas ramas, masculino y femenino, en un ambiente deportivo que destac\u00f3 por su cordialidad y competitividad.<\/p>\n\n\n\n<p>La organizaci\u00f3n expres\u00f3 un especial agradecimiento a la directiva del Club River de San Javier  por recibir las finales en su localidad, as\u00ed como tambi\u00e9n a todos los equipos que formaron parte de esta edici\u00f3n: Colonia El Omb\u00fa, Fusionados, Defensores, River, San Antonio, Buitres y Dream Team.<\/p>\n\n\n\n<h3 class=\"wp-block-heading\"><strong>Final Masculina<\/strong><\/h3>\n\n\n\n<p>El encuentro decisivo enfrent\u00f3 a <strong>Fusionados<\/strong> y <strong>Dream Team<\/strong>, en un partido vibrante que se defini\u00f3 en tres sets. Finalmente, <strong>Fusionados<\/strong> se consagr\u00f3 <strong>campe\u00f3n<\/strong> tras imponerse por <strong>2 a 1<\/strong>, con parciales de <strong>25-14, 23-25 y 15-10<\/strong>.<\/p>\n\n\n\n<h3 class=\"wp-block-heading\"><strong>Final Femenina<\/strong><\/h3>\n\n\n\n<p>En la rama femenina, <strong>River<\/strong> y <strong>San Antonio<\/strong> disputaron un duelo parejo, donde el equipo de <strong>San Antonio<\/strong> de Paysand\u00fa logr\u00f3 quedarse con el t\u00edtulo al vencer por <strong>2 a 0<\/strong>, con parciales de <strong>25-20 y 25-21<\/strong>.<\/p>\n\n\n\n<p>Al cierre del evento, la Liga Regional anunci\u00f3 su intenci\u00f3n de realizar nuevamente el torneo en <strong>2026<\/strong>, para el cual ya comenzaron las gestiones con el objetivo de repetir el \u00e9xito alcanzado. <\/p>\n\n\n\n<p><strong>Galer\u00eda:<\/strong><\/p>\n\n\n\n<div class=\"wp-block-advgb-images-slider advgb-images-slider-block advg-images-slider-56fee34b-e455-48d2-9d67-d7fbaefc09ad\"><div class=\"advgb-images-slider\" dir=\"ltr\"><div class=\"advgb-image-slider-item\"><img decoding=\"async\" src=\"https:\/\/portaldeyoung.uy\/wp-content\/uploads\/2025\/12\/IMG-20251204-WA0017.jpg\" class=\"advgb-image-slider-img\" alt=\"\" style=\"width:100%;height:auto\"\/><div class=\"advgb-image-slider-item-info\" style=\"justify-content:center;align-items:center\"><\/div><\/div><div class=\"advgb-image-slider-item\"><img decoding=\"async\" src=\"https:\/\/portaldeyoung.uy\/wp-content\/uploads\/2025\/12\/IMG-20251204-WA0019.jpg\" class=\"advgb-image-slider-img\" alt=\"\" style=\"width:100%;height:auto\"\/><div class=\"advgb-image-slider-item-info\" style=\"justify-content:center;align-items:center\"><\/div><\/div><div class=\"advgb-image-slider-item\"><img decoding=\"async\" src=\"https:\/\/portaldeyoung.uy\/wp-content\/uploads\/2025\/12\/IMG-20251204-WA0016.jpg\" class=\"advgb-image-slider-img\" alt=\"\" style=\"width:100%;height:auto\"\/><div class=\"advgb-image-slider-item-info\" style=\"justify-content:center;align-items:center\"><\/div><\/div><\/div><\/div>\n","protected":false},"excerpt":{"rendered":"<p>La Liga Regional de V\u00f3ley de Young cerr\u00f3 una nueva edici\u00f3n , en una jornada colmada de entusiasmo y acompa\u00f1amiento del p\u00fablico. Todos los equipos<\/p>\n","protected":false},"author":1,"featured_media":6427,"comment_status":"closed","ping_status":"open","sticky":false,"template":"","format":"standard","meta":{"advgb_blocks_editor_width":"","advgb_blocks_columns_visual_guide":"","footnotes":"","jetpack_publicize_message":"","jetpack_publicize_feature_enabled":true,"jetpack_social_post_already_shared":true,"jetpack_social_options":{"image_generator_settings":{"template":"highway","default_image_id":0,"font":"","enabled":false},"version":2}},"categories":[5],"tags":[],"class_list":["post-6426","post","type-post","status-publish","format-standard","has-post-thumbnail","hentry","category-de-la-tribuna"],"author_meta":{"display_name":"Portal","author_link":"https:\/\/portaldeyoung.uy\/index.php\/author\/admin_port\/"},"featured_img":"https:\/\/portaldeyoung.uy\/wp-content\/uploads\/2025\/12\/IMG-20251204-WA0018-300x225.jpg","jetpack_publicize_connections":[],"coauthors":[],"tax_additional":{"categories":{"linked":["<a href=\"https:\/\/portaldeyoung.uy\/index.php\/category\/de-la-tribuna\/\" class=\"advgb-post-tax-term\">De la tribuna<\/a>"],"unlinked":["<span class=\"advgb-post-tax-term\">De la tribuna<\/span>"]}},"comment_count":"0","relative_dates":{"created":"Publicado 5 meses hace","modified":"Actualizado 5 meses hace"},"absolute_dates":{"created":"Publicado el diciembre 4, 2025","modified":"Actualizado el diciembre 4, 2025"},"absolute_dates_time":{"created":"Publicado el diciembre 4, 2025 7:50 pm","modified":"Actualizado el diciembre 4, 2025 7:53 pm"},"featured_img_caption":"","series_order":"","_links":{"self":[{"href":"https:\/\/portaldeyoung.uy\/index.php\/wp-json\/wp\/v2\/posts\/6426","targetHints":{"allow":["GET"]}}],"collection":[{"href":"https:\/\/portaldeyoung.uy\/index.php\/wp-json\/wp\/v2\/posts"}],"about":[{"href":"https:\/\/portaldeyoung.uy\/index.php\/wp-json\/wp\/v2\/types\/post"}],"author":[{"embeddable":true,"href":"https:\/\/portaldeyoung.uy\/index.php\/wp-json\/wp\/v2\/users\/1"}],"replies":[{"embeddable":true,"href":"https:\/\/portaldeyoung.uy\/index.php\/wp-json\/wp\/v2\/comments?post=6426"}],"version-history":[{"count":1,"href":"https:\/\/portaldeyoung.uy\/index.php\/wp-json\/wp\/v2\/posts\/6426\/revisions"}],"predecessor-version":[{"id":6431,"href":"https:\/\/portaldeyoung.uy\/index.php\/wp-json\/wp\/v2\/posts\/6426\/revisions\/6431"}],"wp:featuredmedia":[{"embeddable":true,"href":"https:\/\/portaldeyoung.uy\/index.php\/wp-json\/wp\/v2\/media\/6427"}],"wp:attachment":[{"href":"https:\/\/portaldeyoung.uy\/index.php\/wp-json\/wp\/v2\/media?parent=6426"}],"wp:term":[{"taxonomy":"category","embeddable":true,"href":"https:\/\/portaldeyoung.uy\/index.php\/wp-json\/wp\/v2\/categories?post=6426"},{"taxonomy":"post_tag","embeddable":true,"href":"https:\/\/portaldeyoung.uy\/index.php\/wp-json\/wp\/v2\/tags?post=6426"}],"curies":[{"name":"wp","href":"https:\/\/api.w.org\/{rel}","templated":true}]}}